{"id":108510,"date":"2019-09-23T14:57:17","date_gmt":"2019-09-23T12:57:17","guid":{"rendered":"https:\/\/zjarr.tv\/?p=108510"},"modified":"2019-09-23T14:57:17","modified_gmt":"2019-09-23T12:57:17","slug":"dalin-shifrat-e-para-u-shkaterruan-plotesisht-50-banesa-34-shkolla-e-13-universitete-publike-te-demtuar","status":"publish","type":"post","link":"https:\/\/zjarr.tv\/sq\/dalin-shifrat-e-para-u-shkaterruan-plotesisht-50-banesa-34-shkolla-e-13-universitete-publike-te-demtuar\/","title":{"rendered":"Dalin shifrat e para, u shkat\u00ebrruan plot\u00ebsisht 50 banesa, 34 shkolla e 13 universitete publike t\u00eb d\u00ebmtuar"},"content":{"rendered":"<p>Kreu i Emergjencave Civile, Haki \u00c7ako, ka publikuar shifrat e para t\u00eb d\u00ebmeve t\u00eb shkaktuara nga t\u00ebrmeti i fuqish\u00ebm i pasdites s\u00eb t\u00eb shtun\u00ebs me magnitud\u00eb 5.8.<\/p>\n<p>I ftuar n\u00eb rubrik\u00ebn \u201cOpinion\u201d, n\u00eb News24, \u00c7ako zbuloi t\u00eb dh\u00ebnat e raportit t\u00eb fundit operativ, q\u00eb ka mb\u00ebrritur n\u00eb institucionin e Emergjencave Civile, duke th\u00ebn\u00eb se jan\u00eb 1528 objekte t\u00eb d\u00ebmtuara, nga t\u00eb cilat 50 banesa jan\u00eb shkat\u00ebrruar plot\u00ebsisht.<\/p>\n<p>\u201cNga raporti i fundit operativ, rezulton q\u00eb jan\u00eb raportuar 1528 objekte t\u00eb d\u00ebmtuara, nga t\u00eb cilat jan\u00eb shkat\u00ebrruar plot\u00ebsisht 50 banesa, kryesisht n\u00eb zonat rurale, jan\u00eb plasaritur rreth 160 pallate, nj\u00eb qend\u00ebr sh\u00ebndet\u00ebsore, 34 shkolla, 13 universitete publike, 2 kabina elektrike, 1 magazin\u00eb, 2 ura, 4 automjete.<\/p>\n<p>T\u00eb gjitha k\u00ebto jan\u00eb duke u monitoruar dhe vler\u00ebsuar situat\u00ebn drejtp\u00ebrdrejt. Mjetet u d\u00ebmtuan nga r\u00ebnia e suvave dhe materialeve t\u00eb ndryshme. Nuk duket t\u00eb ket\u00eb d\u00ebme n\u00eb struktur\u00eb t\u00eb godinave n\u00eb p\u00ebrgjith\u00ebsi, por edhe t\u00eb Gjeologji-Minierave, nga t\u00eb dh\u00ebnat e deri tanishme.<\/p>\n<p>Jan\u00eb nj\u00eb s\u00ebr\u00eb fshatrash t\u00eb Durr\u00ebsit, por edhe t\u00eb Tiran\u00ebs, Ndroqit, Vor\u00ebs, Maminasit, ku banesat jan\u00eb shkat\u00ebrruar. Banor\u00ebt jan\u00eb sistemuar, \u00ebsht\u00eb \u00e7uar nj\u00eb num\u00ebr i konsideruesh\u00ebm \u00e7adrash p\u00ebr ata q\u00eb nuk kan\u00eb dashur t\u00eb largohen nga banesat e tyre\u201d, tha \u00c7ako.<\/p>\n","protected":false},"excerpt":{"rendered":"<p>Kreu i Emergjencave Civile, Haki \u00c7ako, ka publikuar shifrat e para t\u00eb d\u00ebmeve t\u00eb shkaktuara nga t\u00ebrmeti i fuqish\u00ebm i pasdites s\u00eb t\u00eb shtun\u00ebs me magnitud\u00eb 5.8. I ftuar n\u00eb rubrik\u00ebn \u201cOpinion\u201d, n\u00eb News24, \u00c7ako zbuloi t\u00eb dh\u00ebnat e raportit t\u00eb fundit operativ, q\u00eb ka mb\u00ebrritur n\u00eb institucionin e Emergjencave Civile, duke th\u00ebn\u00eb se jan\u00eb [&hellip;]<\/p>\n","protected":false},"author":2013,"featured_media":108511,"comment_status":"open","ping_status":"closed","sticky":false,"template":"","format":"standard","meta":{"footnotes":""},"categories":[241,235],"tags":[],"class_list":{"0":"post-108510","1":"post","2":"type-post","3":"status-publish","4":"format-standard","5":"has-post-thumbnail","7":"category-aktualitet","8":"category-vendi"},"_links":{"self":[{"href":"https:\/\/zjarr.tv\/sq\/wp-json\/wp\/v2\/posts\/108510","targetHints":{"allow":["GET"]}}],"collection":[{"href":"https:\/\/zjarr.tv\/sq\/wp-json\/wp\/v2\/posts"}],"about":[{"href":"https:\/\/zjarr.tv\/sq\/wp-json\/wp\/v2\/types\/post"}],"author":[{"embeddable":true,"href":"https:\/\/zjarr.tv\/sq\/wp-json\/wp\/v2\/users\/2013"}],"replies":[{"embeddable":true,"href":"https:\/\/zjarr.tv\/sq\/wp-json\/wp\/v2\/comments?post=108510"}],"version-history":[{"count":0,"href":"https:\/\/zjarr.tv\/sq\/wp-json\/wp\/v2\/posts\/108510\/revisions"}],"wp:featuredmedia":[{"embeddable":true,"href":"https:\/\/zjarr.tv\/sq\/wp-json\/wp\/v2\/media\/108511"}],"wp:attachment":[{"href":"https:\/\/zjarr.tv\/sq\/wp-json\/wp\/v2\/media?parent=108510"}],"wp:term":[{"taxonomy":"category","embeddable":true,"href":"https:\/\/zjarr.tv\/sq\/wp-json\/wp\/v2\/categories?post=108510"},{"taxonomy":"post_tag","embeddable":true,"href":"https:\/\/zjarr.tv\/sq\/wp-json\/wp\/v2\/tags?post=108510"}],"curies":[{"name":"wp","href":"https:\/\/api.w.org\/{rel}","templated":true}]}}