{"id":108520,"date":"2019-09-23T18:20:07","date_gmt":"2019-09-23T16:20:07","guid":{"rendered":"https:\/\/zjarr.tv\/?p=108520"},"modified":"2019-09-23T15:12:00","modified_gmt":"2019-09-23T13:12:00","slug":"mediat-serbe-interpoli-po-fsheh-rreth-aplikimit-te-kosoves","status":"publish","type":"post","link":"https:\/\/zjarr.tv\/sq\/mediat-serbe-interpoli-po-fsheh-rreth-aplikimit-te-kosoves\/","title":{"rendered":"Mediat serbe: Interpoli po fsheh rreth aplikimit t\u00eb Kosov\u00ebs"},"content":{"rendered":"<p><strong>Mediat serbe p\u00ebrs\u00ebri kan\u00eb shkruar rreth k\u00ebrkes\u00ebs s\u00eb Kosov\u00ebs p\u00ebr t\u2019u pranuar n\u00eb Interpol.<\/strong><\/p>\n<p>S\u00eb fundmi rreth k\u00ebsaj \u00e7\u00ebshtjeje ka shkruar edhe \u201cVe\u00e7ernje Novosti\u201d sipas raportimeve t\u00eb s\u00eb cil\u00ebs organizata e policis\u00eb nd\u00ebrkomb\u00ebtare po e fsheh kush po e shtyn Kosov\u00ebn p\u00ebr t\u2019u pranuar n\u00eb t\u00eb, transmeton Klan Kosova.<\/p>\n<p>\u201cPrishtina pretendon se pothuajse t\u00eb gjith\u00eb an\u00ebtar\u00ebt e Komitetit Ekzekutiv t\u00eb Interpolit ran\u00eb dakord q\u00eb k\u00ebrkesa p\u00ebr pranim t\u00eb saj t\u00eb shqyrtohet n\u00eb Asamblen\u00eb e P\u00ebrgjithshme t\u00eb ardhshme n\u00eb Kili, selia e Interpol thon\u00eb se agjenda p\u00ebr at\u00eb seanc\u00eb do t\u00eb vendoset vet\u00ebm n\u00eb tetor\u201d.<\/p>\n<p>\u201cRendi i dit\u00ebs s\u00eb Asambles\u00eb s\u00eb 88-t\u00eb t\u00eb Interpolit u mor n\u00eb konsiderat\u00eb n\u00eb qershor, por ende nuk dihet \u00a0n\u00ebse kishte shumic\u00eb votash p\u00ebr t\u00eb p\u00ebrfshir\u00eb k\u00ebrkes\u00ebn e Prishtin\u00ebs p\u00ebr pranim\u201d.<\/p>\n<p>\u201cKomiteti Ekzekutiv do t\u00eb aprovoj\u00eb agjend\u00ebn e Asambles\u00eb s\u00eb P\u00ebrgjithshme t\u00eb 88 n\u00eb mbledhjen e ardhshme n\u00eb tetor. Agjenda at\u00ebher\u00eb votohet n\u00eb Kuvend, k\u00ebshtu q\u00eb ne nuk mund t\u00eb sigurojm\u00eb m\u00eb shum\u00eb informacion n\u00eb k\u00ebt\u00eb faz\u00eb,\u201d tha Interpol.<\/p>\n<p>Komiteti Ekzekutiv i Interpolit ka 13 an\u00ebtar\u00eb \u2013 Algjeria, Rusia, Argjentina, Emiratet e Bashkuara Arabe, Franca, Brazili, Moldavia, Angola, Nigeria, Holanda dhe Presidenca e Kores\u00eb s\u00eb Jugut \u2013 nd\u00ebrsa vendet e Amerik\u00ebs dhe Azis\u00eb jan\u00eb boshe.<\/p>\n<p>Nga k\u00ebto vende, shtat\u00eb nuk e njohin Pavar\u00ebsin\u00eb e Kosov\u00ebs.<\/p>\n<p>Asambleja e P\u00ebrgjithshme e Interpolit do t\u00eb mbahet nga 15 deri n\u00eb 18 tetor n\u00eb kryeqytetin e Kilit, Santiago<\/p>\n","protected":false},"excerpt":{"rendered":"<p>Mediat serbe p\u00ebrs\u00ebri kan\u00eb shkruar rreth k\u00ebrkes\u00ebs s\u00eb Kosov\u00ebs p\u00ebr t\u2019u pranuar n\u00eb Interpol. S\u00eb fundmi rreth k\u00ebsaj \u00e7\u00ebshtjeje ka shkruar edhe \u201cVe\u00e7ernje Novosti\u201d sipas raportimeve t\u00eb s\u00eb cil\u00ebs organizata e policis\u00eb nd\u00ebrkomb\u00ebtare po e fsheh kush po e shtyn Kosov\u00ebn p\u00ebr t\u2019u pranuar n\u00eb t\u00eb, transmeton Klan Kosova. \u201cPrishtina pretendon se pothuajse t\u00eb gjith\u00eb [&hellip;]<\/p>\n","protected":false},"author":2013,"featured_media":51818,"comment_status":"open","ping_status":"closed","sticky":false,"template":"","format":"standard","meta":{"footnotes":""},"categories":[241,2],"tags":[],"class_list":{"0":"post-108520","1":"post","2":"type-post","3":"status-publish","4":"format-standard","5":"has-post-thumbnail","7":"category-aktualitet","8":"category-rajoni"},"_links":{"self":[{"href":"https:\/\/zjarr.tv\/sq\/wp-json\/wp\/v2\/posts\/108520","targetHints":{"allow":["GET"]}}],"collection":[{"href":"https:\/\/zjarr.tv\/sq\/wp-json\/wp\/v2\/posts"}],"about":[{"href":"https:\/\/zjarr.tv\/sq\/wp-json\/wp\/v2\/types\/post"}],"author":[{"embeddable":true,"href":"https:\/\/zjarr.tv\/sq\/wp-json\/wp\/v2\/users\/2013"}],"replies":[{"embeddable":true,"href":"https:\/\/zjarr.tv\/sq\/wp-json\/wp\/v2\/comments?post=108520"}],"version-history":[{"count":0,"href":"https:\/\/zjarr.tv\/sq\/wp-json\/wp\/v2\/posts\/108520\/revisions"}],"wp:featuredmedia":[{"embeddable":true,"href":"https:\/\/zjarr.tv\/sq\/wp-json\/wp\/v2\/media\/51818"}],"wp:attachment":[{"href":"https:\/\/zjarr.tv\/sq\/wp-json\/wp\/v2\/media?parent=108520"}],"wp:term":[{"taxonomy":"category","embeddable":true,"href":"https:\/\/zjarr.tv\/sq\/wp-json\/wp\/v2\/categories?post=108520"},{"taxonomy":"post_tag","embeddable":true,"href":"https:\/\/zjarr.tv\/sq\/wp-json\/wp\/v2\/tags?post=108520"}],"curies":[{"name":"wp","href":"https:\/\/api.w.org\/{rel}","templated":true}]}}