{"id":108524,"date":"2019-09-23T18:40:14","date_gmt":"2019-09-23T16:40:14","guid":{"rendered":"https:\/\/zjarr.tv\/?p=108524"},"modified":"2019-09-23T15:16:46","modified_gmt":"2019-09-23T13:16:46","slug":"juncker-largimi-i-londres-moment-tragjik-per-evropen","status":"publish","type":"post","link":"https:\/\/zjarr.tv\/sq\/juncker-largimi-i-londres-moment-tragjik-per-evropen\/","title":{"rendered":"Juncker: Largimi i Londr\u00ebs, moment tragjik p\u00ebr Evrop\u00ebn"},"content":{"rendered":"<p><strong>Dalja e Britanis\u00eb s\u00eb Madhe nga Bashkimi Evropian m\u00eb 31 tetor \u00ebsht\u00eb nj\u00eb moment tragjik p\u00ebr Evrop\u00ebn, deklaroi presidenti n\u00eb largim i Komisionit Evropian, Jean-Claude Juncker n\u00eb nj\u00eb intervist\u00eb p\u00ebr gazet\u00ebn spanjolle \u201dEl Pais\u201d.<\/strong><\/p>\n<p>Kreu i ekzekutivit evropian, i cili do t\u00eb heq\u00eb dor\u00eb nga posti i tij m\u00eb 31 tetor, argumenton se Brexit \u201cshkon kund\u00ebr ndjenj\u00ebs s\u00eb historis\u00eb dhe shpirtit t\u00eb Churchill-it, i cili n\u00eb koh\u00ebn e tij u p\u00ebrgj\u00ebrua p\u00ebr Shtetet e Bashkuara t\u00eb Evrop\u00ebs\u201d.<\/p>\n<p>\u201cUn\u00eb besoj se kemi ende mund\u00ebsin\u00eb e arritjes s\u00eb nj\u00eb marr\u00ebveshje me Londr\u00ebn\u201d, thekson\u00a0 Juncker, i cili e konsideron si \u201ckonstruktiv dhe pjes\u00ebrisht pozitiv\u201d takimin e tij, t\u00eb h\u00ebn\u00ebn e kaluar n\u00eb Luksemburg, me kryeministrin britanik, Boris Johnson, transmeton KP.<\/p>\n","protected":false},"excerpt":{"rendered":"<p>Dalja e Britanis\u00eb s\u00eb Madhe nga Bashkimi Evropian m\u00eb 31 tetor \u00ebsht\u00eb nj\u00eb moment tragjik p\u00ebr Evrop\u00ebn, deklaroi presidenti n\u00eb largim i Komisionit Evropian, Jean-Claude Juncker n\u00eb nj\u00eb intervist\u00eb p\u00ebr gazet\u00ebn spanjolle \u201dEl Pais\u201d. Kreu i ekzekutivit evropian, i cili do t\u00eb heq\u00eb dor\u00eb nga posti i tij m\u00eb 31 tetor, argumenton se Brexit \u201cshkon [&hellip;]<\/p>\n","protected":false},"author":2013,"featured_media":89552,"comment_status":"open","ping_status":"closed","sticky":false,"template":"","format":"standard","meta":{"footnotes":""},"categories":[241,191],"tags":[],"class_list":{"0":"post-108524","1":"post","2":"type-post","3":"status-publish","4":"format-standard","5":"has-post-thumbnail","7":"category-aktualitet","8":"category-bota"},"_links":{"self":[{"href":"https:\/\/zjarr.tv\/sq\/wp-json\/wp\/v2\/posts\/108524","targetHints":{"allow":["GET"]}}],"collection":[{"href":"https:\/\/zjarr.tv\/sq\/wp-json\/wp\/v2\/posts"}],"about":[{"href":"https:\/\/zjarr.tv\/sq\/wp-json\/wp\/v2\/types\/post"}],"author":[{"embeddable":true,"href":"https:\/\/zjarr.tv\/sq\/wp-json\/wp\/v2\/users\/2013"}],"replies":[{"embeddable":true,"href":"https:\/\/zjarr.tv\/sq\/wp-json\/wp\/v2\/comments?post=108524"}],"version-history":[{"count":0,"href":"https:\/\/zjarr.tv\/sq\/wp-json\/wp\/v2\/posts\/108524\/revisions"}],"wp:featuredmedia":[{"embeddable":true,"href":"https:\/\/zjarr.tv\/sq\/wp-json\/wp\/v2\/media\/89552"}],"wp:attachment":[{"href":"https:\/\/zjarr.tv\/sq\/wp-json\/wp\/v2\/media?parent=108524"}],"wp:term":[{"taxonomy":"category","embeddable":true,"href":"https:\/\/zjarr.tv\/sq\/wp-json\/wp\/v2\/categories?post=108524"},{"taxonomy":"post_tag","embeddable":true,"href":"https:\/\/zjarr.tv\/sq\/wp-json\/wp\/v2\/tags?post=108524"}],"curies":[{"name":"wp","href":"https:\/\/api.w.org\/{rel}","templated":true}]}}