{"id":108529,"date":"2019-09-23T19:00:49","date_gmt":"2019-09-23T17:00:49","guid":{"rendered":"https:\/\/zjarr.tv\/?p=108529"},"modified":"2019-09-23T15:18:16","modified_gmt":"2019-09-23T13:18:16","slug":"sulmohet-nje-xhami-ne-france","status":"publish","type":"post","link":"https:\/\/zjarr.tv\/sq\/sulmohet-nje-xhami-ne-france\/","title":{"rendered":"Sulmohet nj\u00eb xhami n\u00eb Franc\u00eb"},"content":{"rendered":"<p><strong>Nj\u00eb person ka goditur nj\u00eb xhami n\u00eb pjes\u00ebn lindore t\u00eb Franc\u00ebs, nd\u00ebrsa i nj\u00ebjti \u00ebsht\u00eb arrestuar menj\u00ebher\u00eb.<\/strong><\/p>\n<p>N\u00eb nj\u00eb deklarat\u00eb nga prefektura e Haut-Rhin b\u00ebhet e ditur se agresori n\u00eb Colmar ka drejtuar automjetin e tij drejt xhamis\u00eb.<\/p>\n<p>Prokurorja n\u00eb Colmar, Catherine Sorita-Minard ka deklaruar se personi n\u00eb fjal\u00eb ka plagosur veten me thik\u00eb n\u00eb fyt dhe se do t\u2019i n\u00ebnshtrohet nj\u00eb operacioni n\u00eb spital.<\/p>\n<p>Po ashtu b\u00ebhet e ditur se n\u00eb xhami jan\u00eb shkaktuar d\u00ebme materiale. Ende nuk \u00ebsht\u00eb b\u00ebr\u00eb e ditur n\u00ebse ka pasur d\u00ebme njer\u00ebzore.<\/p>\n","protected":false},"excerpt":{"rendered":"<p>Nj\u00eb person ka goditur nj\u00eb xhami n\u00eb pjes\u00ebn lindore t\u00eb Franc\u00ebs, nd\u00ebrsa i nj\u00ebjti \u00ebsht\u00eb arrestuar menj\u00ebher\u00eb. N\u00eb nj\u00eb deklarat\u00eb nga prefektura e Haut-Rhin b\u00ebhet e ditur se agresori n\u00eb Colmar ka drejtuar automjetin e tij drejt xhamis\u00eb. Prokurorja n\u00eb Colmar, Catherine Sorita-Minard ka deklaruar se personi n\u00eb fjal\u00eb ka plagosur veten me thik\u00eb n\u00eb [&hellip;]<\/p>\n","protected":false},"author":2013,"featured_media":108530,"comment_status":"open","ping_status":"closed","sticky":false,"template":"","format":"standard","meta":{"footnotes":""},"categories":[241,191],"tags":[],"class_list":{"0":"post-108529","1":"post","2":"type-post","3":"status-publish","4":"format-standard","5":"has-post-thumbnail","7":"category-aktualitet","8":"category-bota"},"_links":{"self":[{"href":"https:\/\/zjarr.tv\/sq\/wp-json\/wp\/v2\/posts\/108529","targetHints":{"allow":["GET"]}}],"collection":[{"href":"https:\/\/zjarr.tv\/sq\/wp-json\/wp\/v2\/posts"}],"about":[{"href":"https:\/\/zjarr.tv\/sq\/wp-json\/wp\/v2\/types\/post"}],"author":[{"embeddable":true,"href":"https:\/\/zjarr.tv\/sq\/wp-json\/wp\/v2\/users\/2013"}],"replies":[{"embeddable":true,"href":"https:\/\/zjarr.tv\/sq\/wp-json\/wp\/v2\/comments?post=108529"}],"version-history":[{"count":0,"href":"https:\/\/zjarr.tv\/sq\/wp-json\/wp\/v2\/posts\/108529\/revisions"}],"wp:featuredmedia":[{"embeddable":true,"href":"https:\/\/zjarr.tv\/sq\/wp-json\/wp\/v2\/media\/108530"}],"wp:attachment":[{"href":"https:\/\/zjarr.tv\/sq\/wp-json\/wp\/v2\/media?parent=108529"}],"wp:term":[{"taxonomy":"category","embeddable":true,"href":"https:\/\/zjarr.tv\/sq\/wp-json\/wp\/v2\/categories?post=108529"},{"taxonomy":"post_tag","embeddable":true,"href":"https:\/\/zjarr.tv\/sq\/wp-json\/wp\/v2\/tags?post=108529"}],"curies":[{"name":"wp","href":"https:\/\/api.w.org\/{rel}","templated":true}]}}