{"id":108535,"date":"2019-09-23T19:19:04","date_gmt":"2019-09-23T17:19:04","guid":{"rendered":"https:\/\/zjarr.tv\/?p=108535"},"modified":"2019-09-23T15:19:33","modified_gmt":"2019-09-23T13:19:33","slug":"pompeo-refuzoni-kerkesen-e-pekinit-per-te-kthyer-ujguret-ne-kine","status":"publish","type":"post","link":"https:\/\/zjarr.tv\/sq\/pompeo-refuzoni-kerkesen-e-pekinit-per-te-kthyer-ujguret-ne-kine\/","title":{"rendered":"Pompeo: Refuzoni k\u00ebrkes\u00ebn e Pekinit p\u00ebr t\u00eb kthyer ujgur\u00ebt n\u00eb Kin\u00eb"},"content":{"rendered":"<p><strong>Sekretari amerikan i Shtetit, Mike Pompeo u ka b\u00ebr\u00eb thirrje t\u00eb gjitha shteteve q\u00eb t\u00eb refuzojn\u00eb k\u00ebrkes\u00ebn e Pekinit p\u00ebr t\u00eb riatdhesuar ujgur\u00ebt etnik\u00eb n\u00eb Kin\u00eb, vend n\u00eb t\u00eb cilin t\u00eb drejtat thuhet se iu shtypen.<\/strong><\/p>\n<p>Pompeo ka th\u00ebn\u00eb se ndalimi i ujgur\u00ebve mysliman\u00eb nga Pekini n\u00eb rajonin per\u00ebndimor t\u00eb Kin\u00ebs, Xinjiang, nuk ka t\u00eb b\u00ebj\u00eb me terrorizmin si\u00e7 pretendon Kina, mir\u00ebpo \u00ebsht\u00eb p\u00ebrpjekje p\u00ebr t\u00eb \u201czhdukur\u201d kultur\u00ebn e k\u00ebtij minoriteti.<\/p>\n<p>\u201cDua ta b\u00ebj t\u00eb qart\u00eb se fushata shtyp\u00ebse e Kin\u00ebs n\u00eb Xinjiang nuk ka t\u00eb b\u00ebj\u00eb me terroriz\u00ebm. Ka t\u00eb b\u00ebj\u00eb me tentimin e Kin\u00ebs p\u00ebr t\u00eb zhdukur qytetar\u00ebt e vet. Ne u b\u00ebjm\u00eb thirrje t\u00eb gjitha shteteve q\u00eb t\u00eb rezistojn\u00eb n\u00eb riatdhesimin e ujgur\u00ebve\u201d, ka th\u00ebn\u00eb Pompeo, transmeton rel.<\/p>\n<p>Ai i ka b\u00ebr\u00eb k\u00ebto komente gjat\u00eb nj\u00eb takimi n\u00eb Nju Jork me ministrat e Jasht\u00ebm t\u00eb pes\u00eb shteteve t\u00eb Azis\u00eb Qendrore, Kazakistanit, Kirgizis\u00eb, Taxhikistanit, Turkeministanit dhe Uzbekistanit, n\u00eb margjina t\u00eb Asambles\u00eb s\u00eb P\u00ebrgjithshme t\u00eb Kombeve t\u00eb Bashkuara.<\/p>\n<p>Xinjiang kufizohet nga Kazakistani, Kirgizia dhe Taxhikistani, vende n\u00eb t\u00eb cilat jetojn\u00eb shum\u00eb ujgur\u00eb.<\/p>\n<p>Ekspert\u00ebt e OKB-s\u00eb dhe aktivist\u00ebt kan\u00eb th\u00ebn\u00eb se t\u00eb pakt\u00ebn 1 milion ujgur\u00eb dhe an\u00ebtar\u00eb t\u00eb grupeve m\u00eb t\u00eb m\u00ebdha minoritare, jan\u00eb ndaluar n\u00eb kampe n\u00eb rajonin Xinjiang.<\/p>\n<p>Pekini insiston se k\u00ebto zona t\u00eb ndalimit jan\u00eb qendra \u201cprofesionale\u201d me q\u00ebllim t\u00eb zhvillimit t\u00eb aft\u00ebsive.<\/p>\n","protected":false},"excerpt":{"rendered":"<p>Sekretari amerikan i Shtetit, Mike Pompeo u ka b\u00ebr\u00eb thirrje t\u00eb gjitha shteteve q\u00eb t\u00eb refuzojn\u00eb k\u00ebrkes\u00ebn e Pekinit p\u00ebr t\u00eb riatdhesuar ujgur\u00ebt etnik\u00eb n\u00eb Kin\u00eb, vend n\u00eb t\u00eb cilin t\u00eb drejtat thuhet se iu shtypen. Pompeo ka th\u00ebn\u00eb se ndalimi i ujgur\u00ebve mysliman\u00eb nga Pekini n\u00eb rajonin per\u00ebndimor t\u00eb Kin\u00ebs, Xinjiang, nuk ka t\u00eb [&hellip;]<\/p>\n","protected":false},"author":2013,"featured_media":0,"comment_status":"open","ping_status":"closed","sticky":false,"template":"","format":"standard","meta":{"footnotes":""},"categories":[241,191],"tags":[],"class_list":{"0":"post-108535","1":"post","2":"type-post","3":"status-publish","4":"format-standard","6":"category-aktualitet","7":"category-bota"},"_links":{"self":[{"href":"https:\/\/zjarr.tv\/sq\/wp-json\/wp\/v2\/posts\/108535","targetHints":{"allow":["GET"]}}],"collection":[{"href":"https:\/\/zjarr.tv\/sq\/wp-json\/wp\/v2\/posts"}],"about":[{"href":"https:\/\/zjarr.tv\/sq\/wp-json\/wp\/v2\/types\/post"}],"author":[{"embeddable":true,"href":"https:\/\/zjarr.tv\/sq\/wp-json\/wp\/v2\/users\/2013"}],"replies":[{"embeddable":true,"href":"https:\/\/zjarr.tv\/sq\/wp-json\/wp\/v2\/comments?post=108535"}],"version-history":[{"count":0,"href":"https:\/\/zjarr.tv\/sq\/wp-json\/wp\/v2\/posts\/108535\/revisions"}],"wp:attachment":[{"href":"https:\/\/zjarr.tv\/sq\/wp-json\/wp\/v2\/media?parent=108535"}],"wp:term":[{"taxonomy":"category","embeddable":true,"href":"https:\/\/zjarr.tv\/sq\/wp-json\/wp\/v2\/categories?post=108535"},{"taxonomy":"post_tag","embeddable":true,"href":"https:\/\/zjarr.tv\/sq\/wp-json\/wp\/v2\/tags?post=108535"}],"curies":[{"name":"wp","href":"https:\/\/api.w.org\/{rel}","templated":true}]}}