{"id":108543,"date":"2019-09-23T19:50:30","date_gmt":"2019-09-23T17:50:30","guid":{"rendered":"https:\/\/zjarr.tv\/?p=108543"},"modified":"2019-09-23T15:21:58","modified_gmt":"2019-09-23T13:21:58","slug":"brexit-pa-marreveshje-industria-e-automobilave-paralajmeron-pasoja-sizmike","status":"publish","type":"post","link":"https:\/\/zjarr.tv\/sq\/brexit-pa-marreveshje-industria-e-automobilave-paralajmeron-pasoja-sizmike\/","title":{"rendered":"Brexit pa marr\u00ebveshje, industria e automobilave paralajm\u00ebron pasoja &#8220;sizmike&#8221;"},"content":{"rendered":"<p>Rreth nj\u00eb muaj nga dalja e Mbret\u00ebris\u00eb s\u00eb Bashkuar nga BE-ja, industria e automobil\u00ebve paralajm\u00ebron se largimi pa marr\u00ebveshje do t\u00eb shoq\u00ebrohej me pasoja thuajse &#8220;sizmike&#8221; n\u00eb tregje dhe p\u00ebr konsumator\u00ebt.<\/p>\n<p>Me nj\u00eb deklarat\u00eb t\u00eb rrall\u00eb, shefat e 23 shoqatave europiane t\u00eb prodhimit t\u00eb automjeteve, jan\u00eb bashkuar me thirrje p\u00ebr ekzekutivin britanik dhe europian.<\/p>\n<p>Kjo industri pun\u00ebson gati 14 milion\u00eb persona n\u00eb t\u00eb gjith\u00eb unionin, p\u00ebrfshir\u00eb edhe n\u00eb Britanin\u00eb e Madhe.<\/p>\n<p><em>&#8220;Dalja nga BE-ja pa marr\u00ebveshje do t\u00eb shkaktonte nj\u00eb thyerje sizmike n\u00eb raportet tregtare, nd\u00ebrsa miliarda euro tarifa do t\u00eb ndikonin n\u00eb zgjedhjet e konsumator\u00ebve dhe leverdishm\u00ebrin\u00eb e prodhimeve p\u00ebr t\u00eb dyja pal\u00ebt,&#8221;<\/em>-shkruan t\u00eb h\u00ebn\u00ebn gjigant\u00ebt europian\u00eb si BeEmVe, Peugeot apo japonez\u00ebt e Nisanit.<\/p>\n<p>P\u00ebr shkak t\u00eb barrierave doganore q\u00eb pritet t\u00eb ngrihen pas 31 tetorit, disa prodhues makinash kan\u00eb lajm\u00ebruar se n\u00ebse ulen p\u00ebrfitimet, do t\u00eb mbyllin aktivitetet n\u00eb p\u00ebrfaq\u00ebsit\u00eb e tyre n\u00eb Mbret\u00ebrin\u00eb e Bashkuar.<\/p>\n<p>Vler\u00ebsohet se ndalja e pun\u00ebs s\u00eb fabrikave n\u00eb Britani do u kushtonte kompanive t\u00eb makinave rreth 55 mij\u00eb euro \u00e7do minut\u00eb.<\/p>\n<p>Presidenti n\u00eb largim i Komisionit Europian, Jean-Claude Juncker, tha t\u00eb diel\u00ebn se marr\u00ebveshja me qeverin\u00eb britanike p\u00ebr Brexit mund t\u00eb arrihet n\u00eb \u00e7astet e fundit.<\/p>\n<p>Nd\u00ebrkoh\u00eb kryeministri anglez, Boris Johnson, ndodhet n\u00eb New York ku pritet ta trajtoj\u00eb \u00e7\u00ebshtjen me lider\u00ebt e tjer\u00eb europian\u00eb n\u00eb kuad\u00ebr t\u00eb takimeve n\u00eb Asamblen\u00eb e P\u00ebrgjithshme t\u00eb OKB-s\u00eb.<\/p>\n","protected":false},"excerpt":{"rendered":"<p>Rreth nj\u00eb muaj nga dalja e Mbret\u00ebris\u00eb s\u00eb Bashkuar nga BE-ja, industria e automobil\u00ebve paralajm\u00ebron se largimi pa marr\u00ebveshje do t\u00eb shoq\u00ebrohej me pasoja thuajse &#8220;sizmike&#8221; n\u00eb tregje dhe p\u00ebr konsumator\u00ebt. Me nj\u00eb deklarat\u00eb t\u00eb rrall\u00eb, shefat e 23 shoqatave europiane t\u00eb prodhimit t\u00eb automjeteve, jan\u00eb bashkuar me thirrje p\u00ebr ekzekutivin britanik dhe europian. Kjo [&hellip;]<\/p>\n","protected":false},"author":2013,"featured_media":108544,"comment_status":"open","ping_status":"closed","sticky":false,"template":"","format":"standard","meta":{"footnotes":""},"categories":[241,191],"tags":[],"class_list":{"0":"post-108543","1":"post","2":"type-post","3":"status-publish","4":"format-standard","5":"has-post-thumbnail","7":"category-aktualitet","8":"category-bota"},"_links":{"self":[{"href":"https:\/\/zjarr.tv\/sq\/wp-json\/wp\/v2\/posts\/108543","targetHints":{"allow":["GET"]}}],"collection":[{"href":"https:\/\/zjarr.tv\/sq\/wp-json\/wp\/v2\/posts"}],"about":[{"href":"https:\/\/zjarr.tv\/sq\/wp-json\/wp\/v2\/types\/post"}],"author":[{"embeddable":true,"href":"https:\/\/zjarr.tv\/sq\/wp-json\/wp\/v2\/users\/2013"}],"replies":[{"embeddable":true,"href":"https:\/\/zjarr.tv\/sq\/wp-json\/wp\/v2\/comments?post=108543"}],"version-history":[{"count":0,"href":"https:\/\/zjarr.tv\/sq\/wp-json\/wp\/v2\/posts\/108543\/revisions"}],"wp:featuredmedia":[{"embeddable":true,"href":"https:\/\/zjarr.tv\/sq\/wp-json\/wp\/v2\/media\/108544"}],"wp:attachment":[{"href":"https:\/\/zjarr.tv\/sq\/wp-json\/wp\/v2\/media?parent=108543"}],"wp:term":[{"taxonomy":"category","embeddable":true,"href":"https:\/\/zjarr.tv\/sq\/wp-json\/wp\/v2\/categories?post=108543"},{"taxonomy":"post_tag","embeddable":true,"href":"https:\/\/zjarr.tv\/sq\/wp-json\/wp\/v2\/tags?post=108543"}],"curies":[{"name":"wp","href":"https:\/\/api.w.org\/{rel}","templated":true}]}}