{"id":108546,"date":"2019-09-23T20:00:11","date_gmt":"2019-09-23T18:00:11","guid":{"rendered":"https:\/\/zjarr.tv\/?p=108546"},"modified":"2019-09-23T15:22:38","modified_gmt":"2019-09-23T13:22:38","slug":"izraeli-ende-asnje-koalicion-qeveritar-per-zgjedhjet-e-17-shtatorit","status":"publish","type":"post","link":"https:\/\/zjarr.tv\/sq\/izraeli-ende-asnje-koalicion-qeveritar-per-zgjedhjet-e-17-shtatorit\/","title":{"rendered":"Izraeli ende asnj\u00eb koalicion qeveritar p\u00ebr zgjedhjet e 17 shtatorit"},"content":{"rendered":"<p>Kryeministri izraelian, Benjanim Netanjahu, ka rritur shanset p\u00ebr t\u00eb krijuar koalicionin e ardhsh\u00ebm qeveritar.<\/p>\n<p>Kreu djathtist i ekzekutivit nj\u00eb jav\u00eb m\u00eb par\u00eb fitoi vet\u00ebm 31 nga 120 mandatet e mundshme n\u00eb zgjedhjet e parakohshme parlamentare.<\/p>\n<p>Rivali i tij kryesor, liberali Beni Ganx, siguroi 2 vende m\u00eb shum\u00eb, por s\u00ebrish pa mundur t\u00eb kaloj\u00eb minimumin prej 61 mandatesh q\u00eb k\u00ebrkon krijimi i kabinetit.<\/p>\n<p>T\u00eb diel\u00ebn, partit\u00eb arabo-izraelite q\u00eb fituan 13 mandate n\u00eb zgjedhjet e fundit, than\u00eb se do t\u00eb mb\u00ebshtetin opozitarin Ganc p\u00ebr kryeminist\u00ebr.<\/p>\n<p>Kjo e vendosi opozit\u00ebn fillimisht n\u00eb nj\u00eb avantazh prej dy mandatesh, por gjilp\u00ebra e peshores shkoi shpejt n\u00eb an\u00ebn e kryeqeveritarit Netanjahu kur 3 pjes\u00ebtar\u00eb nga grupimi arab dol\u00ebn krah tij.<\/p>\n<p>Pas takimeve me lider\u00eb t\u00eb partive politike, presidenti i Izraelit, Rojven Rivlin, tha t\u00eb h\u00ebn\u00ebn se procesi zgjedhor rrezikon t\u00eb p\u00ebrs\u00ebritet p\u00ebr her\u00eb t\u00eb tret\u00eb n\u00ebse mungon konsensusi p\u00ebr qeveri uniteti.<\/p>\n<p><em>&#8220;Dy partit\u00eb m\u00eb t\u00eb m\u00ebdha kan\u00eb numra thuajse t\u00eb nj\u00ebjt\u00eb, ndaj duhet t\u00eb bashkojn\u00eb forcat dhe t\u00eb formojn\u00eb nj\u00eb qeverie unitare, t\u00eb q\u00ebndrueshme, e cila menaxhohet dhe stabilizohet bashk\u00ebrisht,&#8221;<\/em>\u00a0u shpreh kryetari i shtetit.<\/p>\n<p>K\u00ebrkesa u parashtrua jav\u00ebn e kaluar edhe nga kryeministri Netanjahu.<\/p>\n<p>Nd\u00ebrkoh\u00eb, vet\u00eb Ganc e ka p\u00ebrjashtuar mund\u00ebsin\u00eb e qeverisjes me kund\u00ebrshtarin, p\u00ebr shkak edhe t\u00eb akuzave t\u00eb ndryshme p\u00ebr korrupsion q\u00eb r\u00ebndojn\u00eb ndaj tij.<\/p>\n<p>M\u00ebsohet se presidenti i vendit ka caktuar 2 tetorin si afatin e fundit p\u00ebr zgjidhjen e ng\u00ebr\u00e7it dhe zgjedhjen e kryeqeveritarit t\u00eb ri.<\/p>\n","protected":false},"excerpt":{"rendered":"<p>Kryeministri izraelian, Benjanim Netanjahu, ka rritur shanset p\u00ebr t\u00eb krijuar koalicionin e ardhsh\u00ebm qeveritar. Kreu djathtist i ekzekutivit nj\u00eb jav\u00eb m\u00eb par\u00eb fitoi vet\u00ebm 31 nga 120 mandatet e mundshme n\u00eb zgjedhjet e parakohshme parlamentare. Rivali i tij kryesor, liberali Beni Ganx, siguroi 2 vende m\u00eb shum\u00eb, por s\u00ebrish pa mundur t\u00eb kaloj\u00eb minimumin prej [&hellip;]<\/p>\n","protected":false},"author":2013,"featured_media":108547,"comment_status":"open","ping_status":"closed","sticky":false,"template":"","format":"standard","meta":{"footnotes":""},"categories":[241,191],"tags":[],"class_list":{"0":"post-108546","1":"post","2":"type-post","3":"status-publish","4":"format-standard","5":"has-post-thumbnail","7":"category-aktualitet","8":"category-bota"},"_links":{"self":[{"href":"https:\/\/zjarr.tv\/sq\/wp-json\/wp\/v2\/posts\/108546","targetHints":{"allow":["GET"]}}],"collection":[{"href":"https:\/\/zjarr.tv\/sq\/wp-json\/wp\/v2\/posts"}],"about":[{"href":"https:\/\/zjarr.tv\/sq\/wp-json\/wp\/v2\/types\/post"}],"author":[{"embeddable":true,"href":"https:\/\/zjarr.tv\/sq\/wp-json\/wp\/v2\/users\/2013"}],"replies":[{"embeddable":true,"href":"https:\/\/zjarr.tv\/sq\/wp-json\/wp\/v2\/comments?post=108546"}],"version-history":[{"count":0,"href":"https:\/\/zjarr.tv\/sq\/wp-json\/wp\/v2\/posts\/108546\/revisions"}],"wp:featuredmedia":[{"embeddable":true,"href":"https:\/\/zjarr.tv\/sq\/wp-json\/wp\/v2\/media\/108547"}],"wp:attachment":[{"href":"https:\/\/zjarr.tv\/sq\/wp-json\/wp\/v2\/media?parent=108546"}],"wp:term":[{"taxonomy":"category","embeddable":true,"href":"https:\/\/zjarr.tv\/sq\/wp-json\/wp\/v2\/categories?post=108546"},{"taxonomy":"post_tag","embeddable":true,"href":"https:\/\/zjarr.tv\/sq\/wp-json\/wp\/v2\/tags?post=108546"}],"curies":[{"name":"wp","href":"https:\/\/api.w.org\/{rel}","templated":true}]}}