{"id":108552,"date":"2019-09-23T20:20:55","date_gmt":"2019-09-23T18:20:55","guid":{"rendered":"https:\/\/zjarr.tv\/?p=108552"},"modified":"2019-09-23T15:24:20","modified_gmt":"2019-09-23T13:24:20","slug":"greqi-arrestohet-ne-aeroport-skuadra-e-volejbollit","status":"publish","type":"post","link":"https:\/\/zjarr.tv\/sq\/greqi-arrestohet-ne-aeroport-skuadra-e-volejbollit\/","title":{"rendered":"Greqi, arrestohet n\u00eb aeroport &#8220;skuadra e volejbollit&#8221;"},"content":{"rendered":"<p>Dhjet\u00eb emigrant\u00eb t\u00eb cil\u00ebt ishin hequr si skuad\u00ebr volejbolli jan\u00eb ndaluar n\u00eb aeroportin e Athin\u00ebs pasi po p\u00ebrpiqeshin t\u00eb shkonin n\u00eb Zvic\u00ebr n\u00eb m\u00ebnyr\u00eb ilegale, b\u00ebn t\u00eb ditur policia greke.<\/p>\n<p>Grupi kishte ardhur i veshur me uniform\u00eb dhe me dy topa volejbolli.<\/p>\n<p>Policia tha se emigrant\u00ebt me komb\u00ebsi siriane po udh\u00ebtonin me pasaport\u00eb q\u00eb nuk ishin t\u00eb tyre.<\/p>\n<p>Besonin se grupi shpresonte t\u00eb arrinte n\u00eb Zyrih.<\/p>\n<p>Greqia \u00ebsht\u00eb vend kalimi p\u00ebr shum\u00eb emigrant\u00eb drejt shteteve t\u00eb BE-s\u00eb.<\/p>\n","protected":false},"excerpt":{"rendered":"<p>Dhjet\u00eb emigrant\u00eb t\u00eb cil\u00ebt ishin hequr si skuad\u00ebr volejbolli jan\u00eb ndaluar n\u00eb aeroportin e Athin\u00ebs pasi po p\u00ebrpiqeshin t\u00eb shkonin n\u00eb Zvic\u00ebr n\u00eb m\u00ebnyr\u00eb ilegale, b\u00ebn t\u00eb ditur policia greke. Grupi kishte ardhur i veshur me uniform\u00eb dhe me dy topa volejbolli. Policia tha se emigrant\u00ebt me komb\u00ebsi siriane po udh\u00ebtonin me pasaport\u00eb q\u00eb nuk [&hellip;]<\/p>\n","protected":false},"author":2013,"featured_media":108553,"comment_status":"open","ping_status":"closed","sticky":false,"template":"","format":"standard","meta":{"footnotes":""},"categories":[241,2],"tags":[],"class_list":{"0":"post-108552","1":"post","2":"type-post","3":"status-publish","4":"format-standard","5":"has-post-thumbnail","7":"category-aktualitet","8":"category-rajoni"},"_links":{"self":[{"href":"https:\/\/zjarr.tv\/sq\/wp-json\/wp\/v2\/posts\/108552","targetHints":{"allow":["GET"]}}],"collection":[{"href":"https:\/\/zjarr.tv\/sq\/wp-json\/wp\/v2\/posts"}],"about":[{"href":"https:\/\/zjarr.tv\/sq\/wp-json\/wp\/v2\/types\/post"}],"author":[{"embeddable":true,"href":"https:\/\/zjarr.tv\/sq\/wp-json\/wp\/v2\/users\/2013"}],"replies":[{"embeddable":true,"href":"https:\/\/zjarr.tv\/sq\/wp-json\/wp\/v2\/comments?post=108552"}],"version-history":[{"count":0,"href":"https:\/\/zjarr.tv\/sq\/wp-json\/wp\/v2\/posts\/108552\/revisions"}],"wp:featuredmedia":[{"embeddable":true,"href":"https:\/\/zjarr.tv\/sq\/wp-json\/wp\/v2\/media\/108553"}],"wp:attachment":[{"href":"https:\/\/zjarr.tv\/sq\/wp-json\/wp\/v2\/media?parent=108552"}],"wp:term":[{"taxonomy":"category","embeddable":true,"href":"https:\/\/zjarr.tv\/sq\/wp-json\/wp\/v2\/categories?post=108552"},{"taxonomy":"post_tag","embeddable":true,"href":"https:\/\/zjarr.tv\/sq\/wp-json\/wp\/v2\/tags?post=108552"}],"curies":[{"name":"wp","href":"https:\/\/api.w.org\/{rel}","templated":true}]}}