{"id":108555,"date":"2019-09-23T20:30:40","date_gmt":"2019-09-23T18:30:40","guid":{"rendered":"https:\/\/zjarr.tv\/?p=108555"},"modified":"2019-09-23T15:25:19","modified_gmt":"2019-09-23T13:25:19","slug":"thaci-marredheniet-e-kosoves-me-shba-dhe-be-nuk-do-te-cenohen-asnjehere","status":"publish","type":"post","link":"https:\/\/zjarr.tv\/sq\/thaci-marredheniet-e-kosoves-me-shba-dhe-be-nuk-do-te-cenohen-asnjehere\/","title":{"rendered":"Tha\u00e7i: Marr\u00ebdh\u00ebniet e Kosov\u00ebs me SHBA dhe BE nuk do t\u00eb cenohen asnj\u00ebher\u00eb"},"content":{"rendered":"<p>Presidenti i Kosov\u00ebs, Hashim Tha\u00e7i, i tha Z\u00ebrit t\u00eb Amerik\u00ebs se qeverit\u00eb mund t\u00eb vijn\u00eb dhe t\u00eb shkojn\u00eb, por marr\u00ebdh\u00ebniet e Kosov\u00ebs me Shtetet e Bashkuara dhe Bashkimin Evropian nuk do t\u00eb cenohen asnj\u00ebher\u00eb.<\/p>\n<p>Presidenti Tha\u00e7i i b\u00ebri k\u00ebto komente n\u00eb nj\u00eb bised\u00eb me Z\u00ebrin e Amerik\u00ebs n\u00eb Iowa ku vizitoi Gard\u00ebn Komb\u00ebtare, Asamblen\u00eb e P\u00ebrgjithshme t\u00eb k\u00ebtij shteti amerikan, takoi guvernatoren, Kim Reynolds si dhe studentet nga Kosova.<\/p>\n<p>Presidenti Tha\u00e7i tha se pas zgjedhjeve t\u00eb parakohshme parlamentare t\u00eb 6 tetorit, Kosova duhet t\u00eb formoj\u00eb shpejt nj\u00eb qeveri t\u00eb re, q\u00eb do t\u00eb p\u00ebrballet me sfidat q\u00eb e presin vendin.<\/p>\n<p>\u201c<em>Por fillimisht do t\u00eb jen\u00eb prioritetet e brendshme e pastaj do t\u00eb diskutohet edhe p\u00ebr mund\u00ebsin\u00eb e tejkalimit t\u00eb t\u00eb gjitha pengesave p\u00ebr vazhdimin e dialogut, q\u00eb t\u00eb mos jet\u00eb penges\u00eb as Kosova e as Serbia<\/em>\u201d, tha ai.<\/p>\n<p>Bisedimet jan\u00eb pezulluar q\u00eb nga n\u00ebntori i vitit t\u00eb kaluar kur Kosova u vuri tarifa prej 100 p\u00ebr qind mallrave serbe n\u00eb shenj\u00eb kund\u00ebrshtimi ndaj qasjes s\u00eb Serbis\u00eb ndaj shtet\u00ebsis\u00eb s\u00eb saj. Beogradi kusht\u00ebzon rifillimin e bisedimeve me heqjen e tarifave.<\/p>\n<p>Presidenti Tha\u00e7i tha se duhet nj\u00eb debat i brendsh\u00ebm sa u p\u00ebrket tarifave n\u00eb t\u00eb cil\u00ebn duhet t\u00eb p\u00ebrfshihen edhe partit\u00eb politike, qeveria, parlamenti dhe shoq\u00ebria e Kosov\u00ebs.<\/p>\n<p>Shtetet e Bashkuara kan\u00eb k\u00ebrkuar n\u00eb vazhdim\u00ebsi pezullimin e tarifave, nd\u00ebrsa Bashkimi Evropian heqjen e tyre p\u00ebr t\u00eb rihapur bisedimet me Serbin\u00eb, por qeveria n\u00eb largim e Kosov\u00ebs i ka rezistuar k\u00ebsaj trysnie duke nxitur shqet\u00ebsime p\u00ebr cenimin e marr\u00ebdh\u00ebnieve me aleat\u00ebt e saj&#8230;<\/p>\n<p>\u201c<em>Qeverit\u00eb mund t\u00eb vijn\u00eb dhe mund t\u00eb shkojn\u00eb, por raportet tona me Shtetet e Bashkuara dhe Bashkimin Evropian nuk do t\u00eb cenohen asnj\u00ebher\u00eb<\/em>\u201d, tha presidenti Tha\u00e7i.<\/p>\n<p>Ai beson s\u00eb em\u00ebrimi i zotit Mathew Palmer si i d\u00ebrguar i posa\u00e7\u00ebm p\u00ebr Ballkanin Per\u00ebndimor \u00ebsht\u00eb mesazh i qart\u00eb se Shtetet e Bashkuara do t\u00eb jen\u00eb aktive n\u00eb rajon dhe n\u00eb procesin e bisedimeve Kosov\u00eb Serbi. Zoti Palmer i tha k\u00ebt\u00eb jav\u00eb Z\u00ebrit t\u00eb Amerik\u00ebs se Shtetet e Bashkuara duan nj\u00eb zgjidhje q\u00eb t\u00eb jet\u00eb n\u00eb pron\u00ebsi lokale, q\u00eb t\u00eb jet\u00eb e q\u00ebndrueshme dhe e pranueshme p\u00ebr t\u00eb dyja pal\u00ebt.<\/p>\n<p>Presidenti Tha\u00e7i tha se vet\u00ebm nj\u00eb marr\u00ebveshje q\u00eb \u00e7on n\u00eb njohje t\u00eb nd\u00ebrsjell\u00eb ka kuptim p\u00ebr popullin e Kosov\u00ebs&#8230;<\/p>\n<p>\u201c<em>Natyrisht se n\u00eb kuad\u00ebr t\u00eb dialogut dhe negociatave q\u00eb do t\u00eb zhvillohen do t\u00eb ket\u00eb opinione t\u00eb ndryshme t\u00eb cilat un\u00eb mendoj se n\u00eb fund do t\u00eb rezultojn\u00eb m\u00eb nj\u00eb marr\u00ebveshje p\u00ebrfundimtare historike me njohje reciproke<\/em>\u201d, tha ai.<\/p>\n<p>Presidenti Tha\u00e7i tha se asnj\u00ebher\u00eb nuk ka qen\u00eb n\u00eb tryez\u00ebn e bisedimeve mund\u00ebsia e ndryshimit t\u00eb kufijve, ide q\u00eb ishin hedhur n\u00eb ver\u00ebn e vitit t\u00eb kaluar si mund\u00ebsi p\u00ebr t\u00eb arritur nj\u00eb marr\u00ebveshje nd\u00ebrmjet pal\u00ebve. Presidenti serb Aleksand\u00ebr Vu\u00e7i\u00e7 ka theksuar se angazhohet p\u00ebr nj\u00eb v\u00ebnie kufiri nd\u00ebrmjet serb\u00ebve dhe shqiptar\u00ebve, q\u00eb n\u00ebnkupton ndarjen e Kosov\u00ebs, nd\u00ebrsa presidenti Tha\u00e7i kishte hedhur iden\u00eb p\u00ebr korrigjim kufiri q\u00eb n\u00ebnkupton sipas tij, bashkimin me Kosov\u00ebn t\u00eb Lugin\u00ebs s\u00eb Preshev\u00ebs, nj\u00eb rajon me shumic\u00eb shqiptar\u00eb n\u00eb jug t\u00eb Serbis\u00eb.<\/p>\n<p>\u201c<em>Kurr\u00eb nuk ka qen\u00eb n\u00eb tryez\u00eb ndryshimi i kufijve. Integriteti territorial i Republik\u00ebs s\u00eb Kosov\u00ebs \u00ebsht\u00eb i pacenuesh\u00ebm. T\u00eb gjith\u00eb ata q\u00eb kan\u00eb folur p\u00ebr ndryshim t\u00eb kufijve t\u00eb Kosov\u00ebs kan\u00eb prezantuar nj\u00eb mashtrim p\u00ebr opinionin publik me karakter elektoral. Territori i Kosov\u00ebs \u00ebsht\u00eb i papreksh\u00ebm. Por un\u00eb gjithmon\u00eb respektoj t\u00eb drejt\u00ebn e Preshev\u00ebs, Medvegj\u00ebs e Bujanocit q\u00eb t\u2019i bashk\u00ebngjiten Republik\u00ebs s\u00eb Kosov\u00ebs, pa u cenuar asnj\u00eb centimet\u00ebr i territorit t\u00eb Kosov\u00ebs. T\u00eb gjitha opinionet tjera jan\u00eb g\u00ebnjeshtra<\/em>\u201d, tha ai.<\/p>\n<p>Vazhdimi i bisedimeve mund t\u00eb pritet pas zgjedhjeve n\u00eb Kosov\u00eb dhe diplomat\u00ebt shpresojn\u00eb q\u00eb kjo t\u00eb ndodh\u00eb para se Serbia t\u00eb hyj\u00eb n\u00eb periudh\u00ebn e zgjedhjeve q\u00eb mbahen n\u00eb pranver\u00ebn e vitit t\u00eb ardhsh\u00ebm.<\/p>\n","protected":false},"excerpt":{"rendered":"<p>Presidenti i Kosov\u00ebs, Hashim Tha\u00e7i, i tha Z\u00ebrit t\u00eb Amerik\u00ebs se qeverit\u00eb mund t\u00eb vijn\u00eb dhe t\u00eb shkojn\u00eb, por marr\u00ebdh\u00ebniet e Kosov\u00ebs me Shtetet e Bashkuara dhe Bashkimin Evropian nuk do t\u00eb cenohen asnj\u00ebher\u00eb. Presidenti Tha\u00e7i i b\u00ebri k\u00ebto komente n\u00eb nj\u00eb bised\u00eb me Z\u00ebrin e Amerik\u00ebs n\u00eb Iowa ku vizitoi Gard\u00ebn Komb\u00ebtare, Asamblen\u00eb e [&hellip;]<\/p>\n","protected":false},"author":2013,"featured_media":69702,"comment_status":"open","ping_status":"closed","sticky":false,"template":"","format":"standard","meta":{"footnotes":""},"categories":[241,2],"tags":[],"class_list":{"0":"post-108555","1":"post","2":"type-post","3":"status-publish","4":"format-standard","5":"has-post-thumbnail","7":"category-aktualitet","8":"category-rajoni"},"_links":{"self":[{"href":"https:\/\/zjarr.tv\/sq\/wp-json\/wp\/v2\/posts\/108555","targetHints":{"allow":["GET"]}}],"collection":[{"href":"https:\/\/zjarr.tv\/sq\/wp-json\/wp\/v2\/posts"}],"about":[{"href":"https:\/\/zjarr.tv\/sq\/wp-json\/wp\/v2\/types\/post"}],"author":[{"embeddable":true,"href":"https:\/\/zjarr.tv\/sq\/wp-json\/wp\/v2\/users\/2013"}],"replies":[{"embeddable":true,"href":"https:\/\/zjarr.tv\/sq\/wp-json\/wp\/v2\/comments?post=108555"}],"version-history":[{"count":0,"href":"https:\/\/zjarr.tv\/sq\/wp-json\/wp\/v2\/posts\/108555\/revisions"}],"wp:featuredmedia":[{"embeddable":true,"href":"https:\/\/zjarr.tv\/sq\/wp-json\/wp\/v2\/media\/69702"}],"wp:attachment":[{"href":"https:\/\/zjarr.tv\/sq\/wp-json\/wp\/v2\/media?parent=108555"}],"wp:term":[{"taxonomy":"category","embeddable":true,"href":"https:\/\/zjarr.tv\/sq\/wp-json\/wp\/v2\/categories?post=108555"},{"taxonomy":"post_tag","embeddable":true,"href":"https:\/\/zjarr.tv\/sq\/wp-json\/wp\/v2\/tags?post=108555"}],"curies":[{"name":"wp","href":"https:\/\/api.w.org\/{rel}","templated":true}]}}