{"id":108557,"date":"2019-09-23T20:40:38","date_gmt":"2019-09-23T18:40:38","guid":{"rendered":"https:\/\/zjarr.tv\/?p=108557"},"modified":"2019-09-23T15:26:07","modified_gmt":"2019-09-23T13:26:07","slug":"vucic-me-presin-takime-te-veshtira-ne-new-york-shba-do-te-kerkoje-nga-serbia-njohjen-e-kosoves","status":"publish","type":"post","link":"https:\/\/zjarr.tv\/sq\/vucic-me-presin-takime-te-veshtira-ne-new-york-shba-do-te-kerkoje-nga-serbia-njohjen-e-kosoves\/","title":{"rendered":"Vu\u00e7i\u00e7: M\u00eb presin takime t\u00eb v\u00ebshtira n\u00eb New York, SHBA do t\u00eb k\u00ebrkoj\u00eb nga Serbia njohjen e Kosov\u00ebs"},"content":{"rendered":"<p>Presidenti serb Aleksandar Vu\u00e7i\u00e7, t\u00eb h\u00ebn\u00ebn (23 shtator) do t\u00eb mund t\u00eb takohet me presidentin amerikan Donald Trump n\u00eb New York, ndon\u00ebse ende nuk \u00ebsht\u00eb e sigurt n\u00ebse do t\u00eb vij\u00eb deri te nj\u00eb takim i till\u00eb. Lidhur me takimin e mundsh\u00ebm me Trumpin, presidenti serb ka deklaruar edhe nj\u00ebher\u00eb se SHBA pret nga Serbia njohjen e Kosov\u00ebs.<\/p>\n<p>Si\u00e7 raportojn\u00eb mediat serb, p\u00ebrcjell Telegrafi, p\u00ebrve\u00e7 takimit t\u00eb mundsh\u00ebm me Donald Trumpin, \u00ebsht\u00eb paralajm\u00ebruar se presidenti serb do t\u00eb takohet me kancelaren gjermane Angela Merkel dhe ministrin e jasht\u00ebm rus, Sergei lavrov.<\/p>\n<p>Presidenti amerikan, Trump do t\u00eb jet\u00eb nikoqir i takimit \u201cThirrja Globale p\u00ebr Mbrojtjen e Lirive Fetare\u201d, q\u00eb do t\u00eb mbahet n\u00eb East River n\u00eb margjinat e Asambles\u00eb s\u00eb P\u00ebrgjithshme t\u00eb Kombeve t\u00eb Bashkuara, e cila do t\u00eb filloj\u00eb punimet nj\u00eb dit\u00eb m\u00eb von\u00eb, t\u00eb mart\u00ebn 24 shtator.<\/p>\n<p>Gazeta serbe \u201cNovosti\u201d shkruan se ftesat p\u00ebr t\u00eb marr\u00eb pjes\u00eb n\u00eb takim u jan\u00eb d\u00ebrguar krer\u00ebve t\u00eb delegacioneve, kurse presidenti Vu\u00e7iq, i cili udh\u00ebheq delegacionin serb n\u00eb seanc\u00ebn e 74-t\u00eb t\u00eb Asambles\u00eb s\u00eb P\u00ebrgjithshme t\u00eb KB, t\u00eb premten njoftoi p\u00ebr mund\u00ebsin\u00eb e nj\u00eb takimi t\u00eb shkurt\u00ebr n\u00eb New York me njeriun e par\u00eb t\u00eb Shteteve t\u00eb Bashkuara.<\/p>\n<p>Ai shpjegoi se n\u00ebse do t\u00eb vinte deri te takimi, ai do t\u00eb jet\u00eb i shkurt\u00ebr, por se \u201c\u00e7do minut\u00eb me Presidentin e Amerik\u00ebs \u00ebsht\u00eb i vlefsh\u00ebm\u201d. \u00a0N\u00eb k\u00ebt\u00eb takim do t\u00eb jet\u00eb i pranish\u00ebm edhe Presidenti i Kosov\u00ebs, Hashim Tha\u00e7i.<\/p>\n<p>\u201cShoh se shqiptar\u00ebt do t\u00eb mburren se ishin atje, se u takuan me presidentin Trump, por nuk e b\u00ebn\u00eb. Prandaj, nuk e di n\u00ebse duhet t\u00eb shkojm\u00eb ne dhe t\u00eb aktrojm\u00eb se se biseduam p\u00ebr disa or\u00eb, por n\u00eb fakt arrit\u00ebm t\u00eb b\u00ebjm\u00eb fotografi dhe t\u00eb flasim nj\u00eb minut\u00eb\u201d, shpjegoi Vu\u00e7iq.<\/p>\n<p>P\u00ebrve\u00e7 nj\u00eb takimi t\u00eb mundsh\u00ebm me presidentin Trump, kreun e shtetit serb n\u00eb New York jav\u00ebn e ardhshme e pret nj\u00eb mori takimesh t\u00eb r\u00ebnd\u00ebsishme me lider\u00ebt bot\u00ebror\u00eb, me t\u00eb cil\u00ebt, si\u00e7 vler\u00ebson ai, \u00a0bisedimet do t\u00eb jen\u00eb t\u00eb v\u00ebshtira, pasi Kosova do t\u00eb jet\u00eb tem\u00eb kryesore.<\/p>\n<p>\u201cNuk mund t\u2019i pranoj q\u00ebndrimet se takimi me dik\u00eb, vet\u00ebm pse \u00ebsht\u00eb nj\u00eb em\u00ebr i famsh\u00ebm, \u00ebsht\u00eb i leht\u00eb p\u00ebr ne. Jo, k\u00ebto jan\u00eb takime t\u00eb v\u00ebshtira sepse po flisni me p\u00ebrfaq\u00ebsuesit e fuqive kryesore q\u00eb kan\u00eb njohur Kosov\u00ebn e pavarur. T\u00eb gjitha k\u00ebto vende, sikurse edhe SHBA-ja, q\u00ebndrojn\u00eb fort n\u00eb k\u00ebt\u00eb pozicion. SHBA presin q\u00eb Serbia, si\u00e7 e keni par\u00eb n\u00eb letr\u00ebn e Presidentit Trump, t\u00eb njoh\u00eb pavar\u00ebsin\u00eb e Kosov\u00ebs. Le t\u00eb mos e mashtrojm\u00eb popullin. N\u00eb nj\u00eb form\u00eb m\u00eb t\u00eb but\u00eb, ose k\u00ebt\u00eb do ta l\u00ebn\u00eb n\u00eb fund t\u00eb dialogut, t\u00eb nj\u00ebt\u00ebn do ta thon\u00eb edhe vendet e tjera per\u00ebndimore q\u00eb kan\u00eb njohur Kosov\u00ebn. K\u00ebshtu q\u00ebndrojn\u00eb gj\u00ebrat n\u00eb Per\u00ebndim. \u00c7far\u00eb po b\u00ebjm\u00eb ne nd\u00ebrkoh\u00eb: \u00a0t\u00eb tregojm\u00eb pozicionin ton\u00eb\u201d, tha Presidenti i Serbis\u00eb.<\/p>\n<p>P\u00ebr nj\u00eb takim me presidentin serb, mediat serbe shkruajn\u00eb se ka insistuar edhe kancelarja gjermane Angela Merkel, ndon\u00ebse ajo do t\u00eb q\u00ebndroj\u00eb n\u00eb New York vet\u00ebm p\u00ebr nj\u00eb dit\u00eb e gjysm\u00eb.<\/p>\n<p>\u201cKjo m\u00eb befasoi dhe un\u00eb jam mir\u00ebnjoh\u00ebs p\u00ebr k\u00ebt\u00eb lloj v\u00ebmendjeje. Do t\u00eb kem edhe nj\u00eb takim me Ministrin e Jasht\u00ebm rus Sergej Lavrov.<\/p>\n<p>N\u00eb SHBA ka udh\u00ebtuar edhe presidenti i Kosov\u00ebs, Hashim Tha\u00e7i, kurse ndalesa e tij e par\u00eb ishte Iowa, ku vizitoi pjes\u00ebtar\u00ebt Forc\u00ebs s\u00eb Siguris\u00eb s\u00eb Kosov\u00ebs t\u00eb cilat jan\u00eb duke u st\u00ebrvitur n\u00eb Gard\u00ebn Komb\u00ebtare. Tha\u00e7i gjithashtu do t\u00eb marr\u00eb pjes\u00eb n\u00eb punimet e Asambles\u00eb s\u00eb P\u00ebrgjithshme t\u00eb KB dhe do t\u00eb marr\u00eb pjes\u00eb n\u00eb pritjen e Presidentit t\u00eb SHBA, Donald Trump.<\/p>\n","protected":false},"excerpt":{"rendered":"<p>Presidenti serb Aleksandar Vu\u00e7i\u00e7, t\u00eb h\u00ebn\u00ebn (23 shtator) do t\u00eb mund t\u00eb takohet me presidentin amerikan Donald Trump n\u00eb New York, ndon\u00ebse ende nuk \u00ebsht\u00eb e sigurt n\u00ebse do t\u00eb vij\u00eb deri te nj\u00eb takim i till\u00eb. Lidhur me takimin e mundsh\u00ebm me Trumpin, presidenti serb ka deklaruar edhe nj\u00ebher\u00eb se SHBA pret nga Serbia [&hellip;]<\/p>\n","protected":false},"author":2013,"featured_media":108558,"comment_status":"open","ping_status":"closed","sticky":false,"template":"","format":"standard","meta":{"footnotes":""},"categories":[241,2],"tags":[],"class_list":{"0":"post-108557","1":"post","2":"type-post","3":"status-publish","4":"format-standard","5":"has-post-thumbnail","7":"category-aktualitet","8":"category-rajoni"},"_links":{"self":[{"href":"https:\/\/zjarr.tv\/sq\/wp-json\/wp\/v2\/posts\/108557","targetHints":{"allow":["GET"]}}],"collection":[{"href":"https:\/\/zjarr.tv\/sq\/wp-json\/wp\/v2\/posts"}],"about":[{"href":"https:\/\/zjarr.tv\/sq\/wp-json\/wp\/v2\/types\/post"}],"author":[{"embeddable":true,"href":"https:\/\/zjarr.tv\/sq\/wp-json\/wp\/v2\/users\/2013"}],"replies":[{"embeddable":true,"href":"https:\/\/zjarr.tv\/sq\/wp-json\/wp\/v2\/comments?post=108557"}],"version-history":[{"count":0,"href":"https:\/\/zjarr.tv\/sq\/wp-json\/wp\/v2\/posts\/108557\/revisions"}],"wp:featuredmedia":[{"embeddable":true,"href":"https:\/\/zjarr.tv\/sq\/wp-json\/wp\/v2\/media\/108558"}],"wp:attachment":[{"href":"https:\/\/zjarr.tv\/sq\/wp-json\/wp\/v2\/media?parent=108557"}],"wp:term":[{"taxonomy":"category","embeddable":true,"href":"https:\/\/zjarr.tv\/sq\/wp-json\/wp\/v2\/categories?post=108557"},{"taxonomy":"post_tag","embeddable":true,"href":"https:\/\/zjarr.tv\/sq\/wp-json\/wp\/v2\/tags?post=108557"}],"curies":[{"name":"wp","href":"https:\/\/api.w.org\/{rel}","templated":true}]}}