{"id":108578,"date":"2019-09-23T21:40:14","date_gmt":"2019-09-23T19:40:14","guid":{"rendered":"https:\/\/zjarr.tv\/?p=108578"},"modified":"2019-09-23T16:19:44","modified_gmt":"2019-09-23T14:19:44","slug":"egjipt-vijojne-protestat-dhe-perleshjet-edhe-ne-diten-e-dyte","status":"publish","type":"post","link":"https:\/\/zjarr.tv\/sq\/egjipt-vijojne-protestat-dhe-perleshjet-edhe-ne-diten-e-dyte\/","title":{"rendered":"Egjipt, vijojn\u00eb protestat dhe p\u00ebrleshjet edhe n\u00eb dit\u00ebn e dyt\u00eb"},"content":{"rendered":"<p>Protestat dhe p\u00ebrleshjet n\u00eb Egjipt kan\u00eb vazhduar n\u00eb dit\u00ebn e dyt\u00eb ku pati edhe dhjet\u00ebra arrestime. Rreth 200 demonstrues dol\u00ebn n\u00eb rrug\u00eb n\u00eb qytetin e Suezit duke k\u00ebrkuar dor\u00ebheqjen e tij.<\/p>\n<p>Dhjet\u00ebra u arrestuan dhe policia u p\u00ebrgjigj me gaz lotsjell\u00ebs. Protestat t\u00eb cilat u zhvilluan gjithashtu n\u00eb Sheshin Tahrir n\u00eb Kajro t\u00eb premten\u00a0 vijn\u00eb pas akuzave p\u00ebr korrupsion kund\u00ebr qeveris\u00eb s\u00eb Presidentit Abdul Fattah al-Sisi<\/p>\n<p>Protestat kan\u00eb qen\u00eb jasht\u00ebzakonisht t\u00eb rralla n\u00ebn qeverisjen e Presidentit Sisi, i cili mori pushtetin n\u00eb vitin 2014 pasi ai drejtoi rr\u00ebzimin ushtarak t\u00eb presidentit t\u00eb par\u00eb t\u00eb zgjedhur n\u00eb m\u00ebnyr\u00eb demokratike n\u00eb Egjipt, Mohammed Morsi.<\/p>\n<p>Por, zem\u00ebrimi \u00ebsht\u00eb p\u00ebrhapur q\u00eb kur nj\u00eb biznesmen dhe aktori egjiptian, Mohamed Ali, postoi nj\u00eb seri videosh n\u00eb internet duke akuzuar liderin e vendit se harxhoi miliona n\u00eb rezidencat luksoze dhe hotele p\u00ebrderisa miliona egjiptian\u00eb jetonin n\u00eb varf\u00ebri.<\/p>\n","protected":false},"excerpt":{"rendered":"<p>Protestat dhe p\u00ebrleshjet n\u00eb Egjipt kan\u00eb vazhduar n\u00eb dit\u00ebn e dyt\u00eb ku pati edhe dhjet\u00ebra arrestime. Rreth 200 demonstrues dol\u00ebn n\u00eb rrug\u00eb n\u00eb qytetin e Suezit duke k\u00ebrkuar dor\u00ebheqjen e tij. Dhjet\u00ebra u arrestuan dhe policia u p\u00ebrgjigj me gaz lotsjell\u00ebs. Protestat t\u00eb cilat u zhvilluan gjithashtu n\u00eb Sheshin Tahrir n\u00eb Kajro t\u00eb premten\u00a0 vijn\u00eb [&hellip;]<\/p>\n","protected":false},"author":2013,"featured_media":108579,"comment_status":"open","ping_status":"closed","sticky":false,"template":"","format":"standard","meta":{"footnotes":""},"categories":[241,191],"tags":[],"class_list":{"0":"post-108578","1":"post","2":"type-post","3":"status-publish","4":"format-standard","5":"has-post-thumbnail","7":"category-aktualitet","8":"category-bota"},"_links":{"self":[{"href":"https:\/\/zjarr.tv\/sq\/wp-json\/wp\/v2\/posts\/108578","targetHints":{"allow":["GET"]}}],"collection":[{"href":"https:\/\/zjarr.tv\/sq\/wp-json\/wp\/v2\/posts"}],"about":[{"href":"https:\/\/zjarr.tv\/sq\/wp-json\/wp\/v2\/types\/post"}],"author":[{"embeddable":true,"href":"https:\/\/zjarr.tv\/sq\/wp-json\/wp\/v2\/users\/2013"}],"replies":[{"embeddable":true,"href":"https:\/\/zjarr.tv\/sq\/wp-json\/wp\/v2\/comments?post=108578"}],"version-history":[{"count":0,"href":"https:\/\/zjarr.tv\/sq\/wp-json\/wp\/v2\/posts\/108578\/revisions"}],"wp:featuredmedia":[{"embeddable":true,"href":"https:\/\/zjarr.tv\/sq\/wp-json\/wp\/v2\/media\/108579"}],"wp:attachment":[{"href":"https:\/\/zjarr.tv\/sq\/wp-json\/wp\/v2\/media?parent=108578"}],"wp:term":[{"taxonomy":"category","embeddable":true,"href":"https:\/\/zjarr.tv\/sq\/wp-json\/wp\/v2\/categories?post=108578"},{"taxonomy":"post_tag","embeddable":true,"href":"https:\/\/zjarr.tv\/sq\/wp-json\/wp\/v2\/tags?post=108578"}],"curies":[{"name":"wp","href":"https:\/\/api.w.org\/{rel}","templated":true}]}}