{"id":108632,"date":"2019-09-24T12:55:12","date_gmt":"2019-09-24T10:55:12","guid":{"rendered":"https:\/\/zjarr.tv\/?p=108632"},"modified":"2019-09-24T12:55:12","modified_gmt":"2019-09-24T10:55:12","slug":"perse-nuk-e-shpall-rama-emergjencen-civile-apo-arka-e-shtetit-eshte-bosh","status":"publish","type":"post","link":"https:\/\/zjarr.tv\/sq\/perse-nuk-e-shpall-rama-emergjencen-civile-apo-arka-e-shtetit-eshte-bosh\/","title":{"rendered":"P\u00ebrse nuk e shpall Rama, emergjenc\u00ebn civile apo arka e shtetit \u00ebsht\u00eb bosh?"},"content":{"rendered":"<p>Sa jan\u00eb fondet e qeveris\u00eb p\u00ebr t\u00ebrmetin, pse nuk p\u00ebrgjigjen apo arka e shtetit \u00ebsht\u00eb bosh?! N\u00eb ligjin nr. 45 t\u00eb vitit 2019 n\u00eb nenin 3, pika 6 thot\u00eb: &#8220;Emergjenc\u00eb civile\u201d \u00ebsht\u00eb situata e papritur me pasoja negative p\u00ebr komunitetin dhe q\u00eb cenon sigurin\u00eb e tij, e cila shkaktohet nga fatkeq\u00ebsit\u00eb q\u00eb sjellin d\u00ebme t\u00eb menj\u00ebhershme e t\u00eb r\u00ebnda p\u00ebr jet\u00ebn e njer\u00ebzve, pron\u00ebn, trash\u00ebgimin\u00eb kulturore dhe mjedisin.&#8221;.<\/p>\n<div id=\"rekl-28\"><\/div>\n<p>Ligji \u00ebsht\u00eb i qart\u00eb:<\/p>\n<div id=\"rekl-13\">\n<div id=\"__sap-ad-15\" class=\"__sap-ads __sap-html tracked\" data-title=\"Credins desktop 08\"><ins><\/p>\n<div id=\"beacon_9999769e15\"><\/div>\n<p><\/ins><\/div>\n<\/div>\n<p>P\u00ebrse nuk e shpall Rama, emergjenc\u00ebn civile, por i bishtnon e b\u00ebhet qesharak s\u00eb bashku me nj\u00eb tuf\u00eb me ministra, q\u00eb si papagall p\u00ebrs\u00ebrisin t\u00eb nj\u00ebjtin budall\u00ebk p\u00ebr mosshpalljen e saj?!<\/p>\n<p>\u00c7\u2019duhet t\u00eb ndodh\u00eb m\u00eb shum\u00eb p\u00ebr Ram\u00ebn sesa nj\u00eb t\u00ebrmet kaq i r\u00ebnd\u00eb, q\u00eb ka shqet\u00ebsuar Evrop\u00ebn si dhe p\u00ebrmbytjet q\u00eb pasuan, p\u00ebr t\u00eb shpallur emergjenc\u00ebn civile?!<\/p>\n<p>Ku i ka Rama dhe p\u00ebrse nuk b\u00ebhen publike, fondet e qeveris\u00eb, nd\u00ebrkoh\u00eb q\u00eb flet e flet pa fund gj\u00ebra boshe?!<\/p>\n<p>Sa \u00ebsht\u00eb gjendja reale e Fondit Rezerv\u00eb t\u00eb qeveris\u00eb, i cili do t\u00eb ishte burimi kryesor i financimit p\u00ebr d\u00ebmet e t\u00ebrmetit?<\/p>\n<p>Pse nuk b\u00ebhen t\u00eb qarta me shifra dhe fakte, d\u00ebmet e shkaktuara nga t\u00ebrmeti?!<\/p>\n<p>Cila \u00ebsht\u00eb fatura financiare, qoft\u00eb edhe e p\u00ebraf\u00ebrt, e k\u00ebtyre d\u00ebmeve?!<\/p>\n<p>A mos vall\u00eb Rama dhe qeveria e kan\u00eb zbrazur totalisht ark\u00ebn e shtetit dhe nuk ka para, ndaj vazhdon heshtjen idiote, kur dihet bot\u00ebrisht se pa fonde kjo situat\u00eb \u00ebsht\u00eb absolutisht e pamundur q\u00eb t\u00eb p\u00ebrballohet?!<\/p>\n<p>Edhe sa koh\u00eb do ta vazhdoj\u00eb qeveria, maskarad\u00ebn hipokrite, ngopjes me lug\u00ebn bosh, t\u00eb kamarier\u00ebve qeveritar\u00eb me tabaka n\u00eb dor\u00eb, q\u00eb pasi u grabit\u00ebn shqiptar\u00ebve parat\u00eb me koncesione dhe i zhyt\u00ebn n\u00eb mjerim, b\u00ebjn\u00eb sikur i g\u00ebnjejn\u00eb tani me nga nj\u00eb tas sup\u00eb?!<\/p>\n<p>P\u00ebrse nuk i l\u00ebn\u00eb mashtrimet mediatike t\u00eb tipit t\u00eb para viteve \u201890 dhe t\u00eb marrin t\u00eb gjitha p\u00ebrgjegj\u00ebsit\u00eb q\u00eb u ngarkon Kushtetuta dhe ligji dhe t\u00eb heqin parat\u00eb nga koncesionet dhe t\u2019i p\u00ebrdorin p\u00ebr t\u00ebrmetin dhe p\u00ebrmbytjet n\u00eb k\u00ebt\u00eb hall t\u00eb madh q\u00eb u ra shqiptar\u00ebve mbi kok\u00eb?!<\/p>\n<p>Shqiptar\u00ebt duan zgjidhje p\u00ebr sht\u00ebpit\u00eb e d\u00ebmtuara dhe nuk kan\u00eb asnj\u00eb nevoj\u00eb t\u00eb shohin ofensiv\u00ebn mediatike t\u00eb ngopjes me lug\u00ebn bosh t\u00eb ministrave q\u00eb si budallenj t\u00eb r\u00ebndomt\u00eb, recitojn\u00eb t\u00eb nj\u00ebjt\u00ebn vjersh\u00eb n\u00ebp\u00ebr televizione.<\/p>\n<p>Turp p\u00ebr k\u00ebta ministra q\u00eb g\u00ebnjejn\u00eb pacip\u00ebsisht dhe me nd\u00ebrgjegje shqiptar\u00ebt!<\/p>\n<p>Turp q\u00eb posht\u00ebrohen n\u00eb k\u00ebt\u00eb far\u00eb feje, k\u00ebta ministra, p\u00ebr hesap te kryeministrit, q\u00eb ka ikur vjedhurazi nga Shqip\u00ebria dhe i ka braktisur shqiptar\u00ebt n\u00eb dit\u00ebn e tyre t\u00eb hallit n\u00eb kuturisjen e tij p\u00ebr t\u00eb lypur ndonj\u00eb foto a ndonj\u00eb buz\u00ebqeshje lart e posht\u00eb.<\/p>\n","protected":false},"excerpt":{"rendered":"<p>Sa jan\u00eb fondet e qeveris\u00eb p\u00ebr t\u00ebrmetin, pse nuk p\u00ebrgjigjen apo arka e shtetit \u00ebsht\u00eb bosh?! N\u00eb ligjin nr. 45 t\u00eb vitit 2019 n\u00eb nenin 3, pika 6 thot\u00eb: &#8220;Emergjenc\u00eb civile\u201d \u00ebsht\u00eb situata e papritur me pasoja negative p\u00ebr komunitetin dhe q\u00eb cenon sigurin\u00eb e tij, e cila shkaktohet nga fatkeq\u00ebsit\u00eb q\u00eb sjellin d\u00ebme t\u00eb [&hellip;]<\/p>\n","protected":false},"author":2013,"featured_media":60143,"comment_status":"open","ping_status":"closed","sticky":false,"template":"","format":"standard","meta":{"footnotes":""},"categories":[241,235],"tags":[],"class_list":{"0":"post-108632","1":"post","2":"type-post","3":"status-publish","4":"format-standard","5":"has-post-thumbnail","7":"category-aktualitet","8":"category-vendi"},"_links":{"self":[{"href":"https:\/\/zjarr.tv\/sq\/wp-json\/wp\/v2\/posts\/108632","targetHints":{"allow":["GET"]}}],"collection":[{"href":"https:\/\/zjarr.tv\/sq\/wp-json\/wp\/v2\/posts"}],"about":[{"href":"https:\/\/zjarr.tv\/sq\/wp-json\/wp\/v2\/types\/post"}],"author":[{"embeddable":true,"href":"https:\/\/zjarr.tv\/sq\/wp-json\/wp\/v2\/users\/2013"}],"replies":[{"embeddable":true,"href":"https:\/\/zjarr.tv\/sq\/wp-json\/wp\/v2\/comments?post=108632"}],"version-history":[{"count":0,"href":"https:\/\/zjarr.tv\/sq\/wp-json\/wp\/v2\/posts\/108632\/revisions"}],"wp:featuredmedia":[{"embeddable":true,"href":"https:\/\/zjarr.tv\/sq\/wp-json\/wp\/v2\/media\/60143"}],"wp:attachment":[{"href":"https:\/\/zjarr.tv\/sq\/wp-json\/wp\/v2\/media?parent=108632"}],"wp:term":[{"taxonomy":"category","embeddable":true,"href":"https:\/\/zjarr.tv\/sq\/wp-json\/wp\/v2\/categories?post=108632"},{"taxonomy":"post_tag","embeddable":true,"href":"https:\/\/zjarr.tv\/sq\/wp-json\/wp\/v2\/tags?post=108632"}],"curies":[{"name":"wp","href":"https:\/\/api.w.org\/{rel}","templated":true}]}}