{"id":108641,"date":"2019-09-24T13:03:09","date_gmt":"2019-09-24T11:03:09","guid":{"rendered":"https:\/\/zjarr.tv\/?p=108641"},"modified":"2019-09-24T13:03:09","modified_gmt":"2019-09-24T11:03:09","slug":"kqz-kerkese-partive-politike-dorezoni-urgjent-bilancet-financiare-afati-i-fundit-26-shtatori","status":"publish","type":"post","link":"https:\/\/zjarr.tv\/sq\/kqz-kerkese-partive-politike-dorezoni-urgjent-bilancet-financiare-afati-i-fundit-26-shtatori\/","title":{"rendered":"KQZ k\u00ebrkes\u00eb partive politike: Dor\u00ebzoni urgjent bilancet financiare, afati i fundit 26 shtatori"},"content":{"rendered":"<p>Komisioni Qendror i \u00a0Zgjedhjeve ka k\u00ebrkuar nga partit\u00eb pjes\u00ebmarr\u00ebse n\u00eb zgjedhjet e 30 qershorit q\u00eb t\u00eb depozitojn\u00eb pran\u00eb tij bilancet e tyre financiare. Z\u00ebdh\u00ebn\u00ebsja e KQZ-s\u00eb, Drilona Hoxha tha me an\u00eb t\u00eb nje deklarat\u00eb p\u00ebr mediat se afati p\u00ebrfundimtar p\u00ebr ta b\u00ebr\u00eb k\u00ebt\u00eb \u00ebsht\u00eb data 26 shtator.<\/p>\n<p>\u201cPartit\u00eb politike\u00a0 pjes\u00ebmarr\u00ebse n\u00eb zgjedhje duhet t\u00eb dor\u00ebzojn\u00eb nj\u00eb raport t\u00eb saj me t\u00eb ardhurat e p\u00ebrfituara dhe me t\u00eb gjitha shpenzimet e detajuara dhe bilancin e shpenzimeve q\u00eb ka kryer partia. Afati ligjor \u00ebsht\u00eb data 26 shtator. \u00a0Raportet brenda dhjet\u00eb dit\u00ebve nga dor\u00ebzimi i tyre, do t\u00eb publikohen n\u00eb faqen e KQZ.\u201d-tha ajo.<\/p>\n","protected":false},"excerpt":{"rendered":"<p>Komisioni Qendror i \u00a0Zgjedhjeve ka k\u00ebrkuar nga partit\u00eb pjes\u00ebmarr\u00ebse n\u00eb zgjedhjet e 30 qershorit q\u00eb t\u00eb depozitojn\u00eb pran\u00eb tij bilancet e tyre financiare. Z\u00ebdh\u00ebn\u00ebsja e KQZ-s\u00eb, Drilona Hoxha tha me an\u00eb t\u00eb nje deklarat\u00eb p\u00ebr mediat se afati p\u00ebrfundimtar p\u00ebr ta b\u00ebr\u00eb k\u00ebt\u00eb \u00ebsht\u00eb data 26 shtator. \u201cPartit\u00eb politike\u00a0 pjes\u00ebmarr\u00ebse n\u00eb zgjedhje duhet t\u00eb dor\u00ebzojn\u00eb [&hellip;]<\/p>\n","protected":false},"author":2013,"featured_media":70929,"comment_status":"open","ping_status":"closed","sticky":false,"template":"","format":"standard","meta":{"footnotes":""},"categories":[241,235],"tags":[],"class_list":{"0":"post-108641","1":"post","2":"type-post","3":"status-publish","4":"format-standard","5":"has-post-thumbnail","7":"category-aktualitet","8":"category-vendi"},"_links":{"self":[{"href":"https:\/\/zjarr.tv\/sq\/wp-json\/wp\/v2\/posts\/108641","targetHints":{"allow":["GET"]}}],"collection":[{"href":"https:\/\/zjarr.tv\/sq\/wp-json\/wp\/v2\/posts"}],"about":[{"href":"https:\/\/zjarr.tv\/sq\/wp-json\/wp\/v2\/types\/post"}],"author":[{"embeddable":true,"href":"https:\/\/zjarr.tv\/sq\/wp-json\/wp\/v2\/users\/2013"}],"replies":[{"embeddable":true,"href":"https:\/\/zjarr.tv\/sq\/wp-json\/wp\/v2\/comments?post=108641"}],"version-history":[{"count":0,"href":"https:\/\/zjarr.tv\/sq\/wp-json\/wp\/v2\/posts\/108641\/revisions"}],"wp:featuredmedia":[{"embeddable":true,"href":"https:\/\/zjarr.tv\/sq\/wp-json\/wp\/v2\/media\/70929"}],"wp:attachment":[{"href":"https:\/\/zjarr.tv\/sq\/wp-json\/wp\/v2\/media?parent=108641"}],"wp:term":[{"taxonomy":"category","embeddable":true,"href":"https:\/\/zjarr.tv\/sq\/wp-json\/wp\/v2\/categories?post=108641"},{"taxonomy":"post_tag","embeddable":true,"href":"https:\/\/zjarr.tv\/sq\/wp-json\/wp\/v2\/tags?post=108641"}],"curies":[{"name":"wp","href":"https:\/\/api.w.org\/{rel}","templated":true}]}}