{"id":108642,"date":"2019-09-24T13:02:07","date_gmt":"2019-09-24T11:02:07","guid":{"rendered":"https:\/\/zjarr.tv\/?p=108642"},"modified":"2019-09-24T13:02:07","modified_gmt":"2019-09-24T11:02:07","slug":"perplasja-me-klp-per-kryeprokurorin-komisioneri-publik-thote-fjalen-e-fundit-per-prokurorin-e-dosjeve-te-bujshme","status":"publish","type":"post","link":"https:\/\/zjarr.tv\/sq\/perplasja-me-klp-per-kryeprokurorin-komisioneri-publik-thote-fjalen-e-fundit-per-prokurorin-e-dosjeve-te-bujshme\/","title":{"rendered":"P\u00ebrplasja me KLP p\u00ebr Kryeprokurorin, Komisioneri Publik thot\u00eb \u201cfjal\u00ebn e fundit\u201d p\u00ebr prokurorin e \u201cdosjeve t\u00eb bujshme\u201d"},"content":{"rendered":"<p>Komisionieri Publik ka vendosur t\u00eb mos ankimoj\u00eb vendimin p\u00ebr prokurorin Oslian \u00c7ela, i cili \u00ebsht\u00eb kandidat p\u00ebr Kryeprokuror. Prokurori \u00c7ela shihet si kandidati m\u00eb i fort\u00eb p\u00ebrball\u00eb Arta Markut p\u00ebr postin e Kryeprokurorit, nd\u00ebrsa ai \u00ebsht\u00eb Vettuar me vendim t\u00eb form\u00ebs s\u00eb prer\u00eb.<\/p>\n<p>Kujtojm\u00eb q\u00eb nj\u00eb dit\u00eb m\u00eb par\u00eb ishte pik\u00ebrisht ky prokuror q\u00eb p\u00ebrplasi K\u00ebshillin e Lart\u00eb t\u00eb Prokuroris\u00eb me Komisionerin Publik, pasi ky i fundit nuk kishte vendosur p\u00ebr ankimimin ose jo t\u00eb vendimit t\u00eb KPK p\u00ebr konfirmimin n\u00eb detyr\u00eb t\u00eb prokurorit \u00c7ela. P\u00ebr k\u00ebt\u00eb arsye, KLP vendosi t\u00eb shtyj\u00eb mbledhjen e djeshme p\u00ebr dit\u00ebn e m\u00ebrkur\u00eb, ku pritej t\u00eb publikohej lista e kandidat\u00ebve p\u00ebr postin e Prokurorit t\u00eb P\u00ebrgjithsh\u00ebm.<\/p>\n<p><strong>Po cili \u00ebsht\u00eb profili i Olsian \u00c7el\u00ebs?<\/strong><br \/>\nI konsideruar si \u2018prokurori i dosjeve t\u00eb forta\u2019, e nisi karrier\u00ebn e tij n\u00eb drejt\u00ebsi n\u00eb vitin 2001, pasi u diplomua n\u00eb shkoll\u00ebn e Magjistratur\u00ebs. Fillimisht ushtroi detyr\u00ebn e prokurorit n\u00eb institucionin e akuz\u00ebs n\u00eb kryeqytet. N\u00eb 2004, u em\u00ebrua prokuror tek Krimet e R\u00ebnda, institucion q\u00eb e drejtoi p\u00ebr nj\u00eb periudh\u00eb kat\u00ebr vje\u00e7are.<\/p>\n<p>Prej vitesh \u00ebsht\u00eb an\u00ebtar bordi n\u00eb shkoll\u00ebn e magjistratur\u00ebs dhe pedagog n\u00eb dy universitete. Olsian \u00c7ela \u00ebsht\u00eb pika e kontaktit e Eurojust n\u00eb prokurorin\u00eb Shqiptare. P\u00ebrgjat\u00eb viteve ka \u00ebsht\u00eb trajnuar n\u00eb disa vende t\u00eb Bashkimit Europian dhe shtetet e Bashkuara t\u00eb Amerik\u00ebs, p\u00ebr \u00e7\u00ebshtjet e krimit t\u00eb organizuar.<\/p>\n<p>\u00cbsht\u00eb njoh\u00ebs i 4 gjuh\u00ebve t\u00eb huaja. Prokurori \u00c7ela ka hetuar disa dosjet e bujshme, si\u00e7 \u00ebsht\u00eb Xibraka, apo grabitja n\u00eb aeroportin e Rinasit n\u00eb 2016, ku me firm\u00ebn e tij n\u00eb k\u00ebrkim nd\u00ebrkomb\u00ebtar \u00ebsht\u00eb Aleks Pepa. M\u00eb her\u00ebt, ai hetoi p\u00ebr masakr\u00ebn e Kartodromit apo grupin e Nikl\u00ebs.<\/p>\n","protected":false},"excerpt":{"rendered":"<p>Komisionieri Publik ka vendosur t\u00eb mos ankimoj\u00eb vendimin p\u00ebr prokurorin Oslian \u00c7ela, i cili \u00ebsht\u00eb kandidat p\u00ebr Kryeprokuror. Prokurori \u00c7ela shihet si kandidati m\u00eb i fort\u00eb p\u00ebrball\u00eb Arta Markut p\u00ebr postin e Kryeprokurorit, nd\u00ebrsa ai \u00ebsht\u00eb Vettuar me vendim t\u00eb form\u00ebs s\u00eb prer\u00eb. Kujtojm\u00eb q\u00eb nj\u00eb dit\u00eb m\u00eb par\u00eb ishte pik\u00ebrisht ky prokuror q\u00eb p\u00ebrplasi [&hellip;]<\/p>\n","protected":false},"author":2013,"featured_media":108643,"comment_status":"open","ping_status":"closed","sticky":false,"template":"","format":"standard","meta":{"footnotes":""},"categories":[241,235],"tags":[],"class_list":{"0":"post-108642","1":"post","2":"type-post","3":"status-publish","4":"format-standard","5":"has-post-thumbnail","7":"category-aktualitet","8":"category-vendi"},"_links":{"self":[{"href":"https:\/\/zjarr.tv\/sq\/wp-json\/wp\/v2\/posts\/108642","targetHints":{"allow":["GET"]}}],"collection":[{"href":"https:\/\/zjarr.tv\/sq\/wp-json\/wp\/v2\/posts"}],"about":[{"href":"https:\/\/zjarr.tv\/sq\/wp-json\/wp\/v2\/types\/post"}],"author":[{"embeddable":true,"href":"https:\/\/zjarr.tv\/sq\/wp-json\/wp\/v2\/users\/2013"}],"replies":[{"embeddable":true,"href":"https:\/\/zjarr.tv\/sq\/wp-json\/wp\/v2\/comments?post=108642"}],"version-history":[{"count":0,"href":"https:\/\/zjarr.tv\/sq\/wp-json\/wp\/v2\/posts\/108642\/revisions"}],"wp:featuredmedia":[{"embeddable":true,"href":"https:\/\/zjarr.tv\/sq\/wp-json\/wp\/v2\/media\/108643"}],"wp:attachment":[{"href":"https:\/\/zjarr.tv\/sq\/wp-json\/wp\/v2\/media?parent=108642"}],"wp:term":[{"taxonomy":"category","embeddable":true,"href":"https:\/\/zjarr.tv\/sq\/wp-json\/wp\/v2\/categories?post=108642"},{"taxonomy":"post_tag","embeddable":true,"href":"https:\/\/zjarr.tv\/sq\/wp-json\/wp\/v2\/tags?post=108642"}],"curies":[{"name":"wp","href":"https:\/\/api.w.org\/{rel}","templated":true}]}}