{"id":108645,"date":"2019-09-24T13:04:37","date_gmt":"2019-09-24T11:04:37","guid":{"rendered":"https:\/\/zjarr.tv\/?p=108645"},"modified":"2019-09-24T13:04:37","modified_gmt":"2019-09-24T11:04:37","slug":"termetet-dhe-permbytjet-lsi-gati-te-ndihmojme-banoret-ja-cfare-tregoi-kjo-situate","status":"publish","type":"post","link":"https:\/\/zjarr.tv\/sq\/termetet-dhe-permbytjet-lsi-gati-te-ndihmojme-banoret-ja-cfare-tregoi-kjo-situate\/","title":{"rendered":"T\u00ebrmetet dhe p\u00ebrmbytjet, LSI: Gati t\u00eb ndihmojm\u00eb banor\u00ebt, ja \u00e7far\u00eb tregoi kjo situat\u00eb"},"content":{"rendered":"<p>L\u00ebvizja Socialiste p\u00ebr Integrim \u00ebsht\u00eb solidarizuar me banor\u00ebt e prekur nga t\u00ebrmetet dhe p\u00ebrmbytjet. Ish-deputeti i LSI, Endrit Braimllari, thekson se partia e tij \u00ebsht\u00eb e gatshme t\u00eb ndihmoj\u00eb banor\u00ebt, nd\u00ebrsa shton se situata \u00ebsht\u00eb tep\u00ebr e r\u00ebnd\u00eb dhe tregoi edhe nj\u00ebher\u00eb se vendi ka nj\u00eb qeveri e kryeminist\u00ebr t\u00eb pap\u00ebrgjegjsh\u00ebm.<\/p>\n<p>\u201cN\u00ebse Edi Rama ka vullnetin p\u00ebr t\u201di sh\u00ebrbyer qytetar\u00ebve t\u00eb k\u00ebtij vendi, duhet urgjentisht t\u00eb shpall\u00eb gjendjen e emergjenc\u00ebs civile pasi vet\u00ebm n\u00eb k\u00ebt\u00eb m\u00ebnyr\u00eb ligji imponon nj\u00eb d\u00ebmshp\u00ebrblim n\u00eb mas\u00ebn 100% p\u00ebr \u00e7do d\u00ebm q\u00eb ka prekur popullat\u00ebn dhe mobilizimin e t\u00eb gjitha resurseve shtet\u00ebrore dhe private n\u00eb p\u00ebrballimin e k\u00ebsaj situate. Qytetar\u00ebt jan\u00eb l\u00ebn\u00eb n\u00eb m\u00ebshir\u00eb t\u00eb fatit\u201d, tha Braimllari.<\/p>\n<p>L\u00ebvizja Socialiste p\u00ebr Integrim shpreh solidaritet t\u00eb plot\u00eb p\u00ebr banor\u00ebt e prekur nga t\u00ebrmetet dhe nga p\u00ebrmbytja e dit\u00ebs s\u00eb djeshme. Jemi t\u00eb gatsh\u00ebm t\u00eb mb\u00ebshtesim dhe t\u00eb ndihmojm\u00eb banor\u00ebt me t\u00eb gjitha mund\u00ebsit\u00eb tona. Situata emergjente dhe tep\u00ebr e r\u00ebnd\u00eb me t\u00eb cil\u00ebn u p\u00ebrball\u00ebn qytetar\u00ebt, tregoi edhe nj\u00ebher\u00eb q\u00eb kemi t\u00eb b\u00ebjm\u00eb me nj\u00eb qeveri dhe kryeminist\u00ebr t\u00eb pap\u00ebrgjegjsh\u00ebm! Kjo qeveri, e bazon pun\u00ebn e saj tek propaganda dhe show politik.<\/p>\n<p>Qytetar\u00ebt pan\u00eb dje, ministra, deputet\u00eb, t\u00eb cil\u00ebt dilnin para kamerave p\u00ebr t\u00eb dh\u00ebn\u00eb shfaqjen e radh\u00ebs dhe p\u00ebr t\u00eb z\u00ebvend\u00ebsuar kryeministrin i cili n\u00eb k\u00ebt\u00eb situat\u00eb emergjente, t\u00eb papar\u00eb n\u00eb 30 vite, vendos t\u00eb braktis\u00eb vendin dhe t\u201di l\u00ebr\u00eb qytetar\u00ebt n\u00eb m\u00ebshir\u00eb t\u00eb fatit. Qytetar\u00ebt, duan t\u00eb dijn\u00eb qart\u00eb: Sa jan\u00eb fondet n\u00eb dispozicion p\u00ebr situat\u00ebn e t\u00ebrmeteve? Sa \u00ebsht\u00eb gjendja e fondit rezerv\u00eb? L\u00ebvizja Socialiste p\u00ebr Integrim k\u00ebrkon shpalljen e menj\u00ebhershme t\u00eb gjendjes s\u00eb emergjenc\u00ebs civile n\u00eb zonat e prekura nga t\u00ebrmetet dhe p\u00ebrmbytjet.<\/p>\n<p>N\u00ebse Edi Rama ka vullnetin p\u00ebr t\u201di sh\u00ebrbyer qytetar\u00ebve t\u00eb k\u00ebtij vendi, duhet urgjentisht t\u00eb shpall\u00eb gjendjen e emergjenc\u00ebs civile pasi vet\u00ebm n\u00eb k\u00ebt\u00eb m\u00ebnyr\u00eb ligji imponon nj\u00eb d\u00ebmshp\u00ebrblim n\u00eb mas\u00ebn 100% p\u00ebr \u00e7do d\u00ebm q\u00eb ka prekur popullat\u00ebn dhe mobilizimin e t\u00eb gjitha resurseve shtet\u00ebrore dhe private n\u00eb p\u00ebrballimin e k\u00ebsaj situate. Qytetar\u00ebt jan\u00eb l\u00ebn\u00eb n\u00eb m\u00ebshir\u00eb t\u00eb fatit p\u00ebr informimin e tyre, qeveria duhet t\u00eb ngrinte shtabin dhe nj\u00ebkoh\u00ebsisht duhet t\u00eb b\u00ebnt\u00eb publike komunikimin periodik mbi situat\u00ebn. Komunikim t\u00eb cilin qytetar\u00ebt e mor\u00ebn vet\u00ebm nga media.<\/p>\n<p>Edi Rama duhet ta k\u00ebt\u00eb shum\u00eb t\u00eb qart\u00eb, se vendi nuk drejtohet me korrespondenc\u00eb apo me propagand\u00eb por me veprime konkrete dhe t\u00eb shpejta. Kur propaganda b\u00ebhet q\u00ebllim n\u00eb vetvete, kjo b\u00ebn q\u00eb t\u00eb ndodh\u00eb si n\u00eb Qarkun e Kor\u00e7\u00ebs ku banor\u00ebt u lan\u00eb dhe vazhdojn\u00eb t\u00eb jen\u00eb n\u00eb m\u00ebshir\u00eb t\u00eb fatit.<\/p>\n","protected":false},"excerpt":{"rendered":"<p>L\u00ebvizja Socialiste p\u00ebr Integrim \u00ebsht\u00eb solidarizuar me banor\u00ebt e prekur nga t\u00ebrmetet dhe p\u00ebrmbytjet. Ish-deputeti i LSI, Endrit Braimllari, thekson se partia e tij \u00ebsht\u00eb e gatshme t\u00eb ndihmoj\u00eb banor\u00ebt, nd\u00ebrsa shton se situata \u00ebsht\u00eb tep\u00ebr e r\u00ebnd\u00eb dhe tregoi edhe nj\u00ebher\u00eb se vendi ka nj\u00eb qeveri e kryeminist\u00ebr t\u00eb pap\u00ebrgjegjsh\u00ebm. \u201cN\u00ebse Edi Rama ka [&hellip;]<\/p>\n","protected":false},"author":2013,"featured_media":57698,"comment_status":"open","ping_status":"closed","sticky":false,"template":"","format":"standard","meta":{"footnotes":""},"categories":[241,235],"tags":[],"class_list":{"0":"post-108645","1":"post","2":"type-post","3":"status-publish","4":"format-standard","5":"has-post-thumbnail","7":"category-aktualitet","8":"category-vendi"},"_links":{"self":[{"href":"https:\/\/zjarr.tv\/sq\/wp-json\/wp\/v2\/posts\/108645","targetHints":{"allow":["GET"]}}],"collection":[{"href":"https:\/\/zjarr.tv\/sq\/wp-json\/wp\/v2\/posts"}],"about":[{"href":"https:\/\/zjarr.tv\/sq\/wp-json\/wp\/v2\/types\/post"}],"author":[{"embeddable":true,"href":"https:\/\/zjarr.tv\/sq\/wp-json\/wp\/v2\/users\/2013"}],"replies":[{"embeddable":true,"href":"https:\/\/zjarr.tv\/sq\/wp-json\/wp\/v2\/comments?post=108645"}],"version-history":[{"count":0,"href":"https:\/\/zjarr.tv\/sq\/wp-json\/wp\/v2\/posts\/108645\/revisions"}],"wp:featuredmedia":[{"embeddable":true,"href":"https:\/\/zjarr.tv\/sq\/wp-json\/wp\/v2\/media\/57698"}],"wp:attachment":[{"href":"https:\/\/zjarr.tv\/sq\/wp-json\/wp\/v2\/media?parent=108645"}],"wp:term":[{"taxonomy":"category","embeddable":true,"href":"https:\/\/zjarr.tv\/sq\/wp-json\/wp\/v2\/categories?post=108645"},{"taxonomy":"post_tag","embeddable":true,"href":"https:\/\/zjarr.tv\/sq\/wp-json\/wp\/v2\/tags?post=108645"}],"curies":[{"name":"wp","href":"https:\/\/api.w.org\/{rel}","templated":true}]}}