{"id":108649,"date":"2019-09-24T13:06:31","date_gmt":"2019-09-24T11:06:31","guid":{"rendered":"https:\/\/zjarr.tv\/?p=108649"},"modified":"2019-09-24T13:06:31","modified_gmt":"2019-09-24T11:06:31","slug":"banoret-duan-mbeshtetje-jo-propagande-basha-ne-durres-5-kerkesa-urgjente-per-qeverine-pas-termetit","status":"publish","type":"post","link":"https:\/\/zjarr.tv\/sq\/banoret-duan-mbeshtetje-jo-propagande-basha-ne-durres-5-kerkesa-urgjente-per-qeverine-pas-termetit\/","title":{"rendered":"\u201cBanor\u00ebt duan mb\u00ebshtetje jo propagand\u00eb\u201d Basha n\u00eb Durr\u00ebs: 5 k\u00ebrkesa urgjente p\u00ebr qeverin\u00eb pas t\u00ebrmetit"},"content":{"rendered":"<p>Kryedemokrati Lulzim Basha u ndal k\u00ebt\u00eb t\u00eb mart\u00eb n\u00eb nj\u00eb nga banesat e d\u00ebmtuara nga t\u00ebrmeti. Nd\u00ebrsa ka postuar nj\u00eb video n\u00eb rrjetet sociale Basha shkruan se banor\u00ebt kan\u00eb nevoj\u00eb p\u00ebr mb\u00ebshtetje dhe jo propagand\u00eb!<\/p>\n<p>\u201cN\u00eb Durr\u00ebs me nj\u00eb nga shum\u00eb familjet e d\u00ebmtuara nga t\u00ebrmeti. Banor\u00ebt kan\u00eb nevoj\u00eb p\u00ebr mb\u00ebshtetje dhe jo propagand\u00eb!<br \/>\nK\u00ebrkojm\u00eb urgjentisht:<\/p>\n<p>\u2022 T\u00eb b\u00ebhet evidentimi dhe transparenca e d\u00ebmeve p\u00ebr \u00e7do banes\u00eb dhe biznes.<br \/>\n\u2022 T\u00eb caktohet dhe shpallet publikisht fondi i posa\u00e7\u00ebm i buxhetit p\u00ebr riparimin e banesave t\u00eb prekura.<br \/>\n\u2022 T\u00eb pezullohen pagesat e ujit dhe energjis\u00eb p\u00ebr familjet e d\u00ebmtuara, deri n\u00eb stabilizimin e gjendjes.<br \/>\n\u2022 Pezullimin e taks\u00ebs s\u00eb pron\u00ebs deri n\u00eb rikuperimin e d\u00ebmeve t\u00eb shkaktuara.<br \/>\n\u2022 Mb\u00ebshtetje me kredi t\u00eb buta p\u00ebr bizneset q\u00eb kan\u00eb p\u00ebsuar d\u00ebmtime nga t\u00ebrmeti.\u201d shkruan Basha bashk\u00ebngjitur videos.<\/p>\n<div id=\"sticky-video--placeholder\"><\/div>\n<p><iframe loading=\"lazy\" src=\"https:\/\/www.facebook.com\/plugins\/video.php?href=https%3A%2F%2Fwww.facebook.com%2Flulzimbasha.al%2Fvideos%2F2996159627077213%2F&amp;show_text=0&amp;width=560\" width=\"560\" height=\"315\" frameborder=\"0\" scrolling=\"no\" allowfullscreen=\"allowfullscreen\" data-sticky-video-state=\"ready\" data-mce-fragment=\"1\"><\/iframe><\/p>\n<p>&nbsp;<\/p>\n","protected":false},"excerpt":{"rendered":"<p>Kryedemokrati Lulzim Basha u ndal k\u00ebt\u00eb t\u00eb mart\u00eb n\u00eb nj\u00eb nga banesat e d\u00ebmtuara nga t\u00ebrmeti. Nd\u00ebrsa ka postuar nj\u00eb video n\u00eb rrjetet sociale Basha shkruan se banor\u00ebt kan\u00eb nevoj\u00eb p\u00ebr mb\u00ebshtetje dhe jo propagand\u00eb! \u201cN\u00eb Durr\u00ebs me nj\u00eb nga shum\u00eb familjet e d\u00ebmtuara nga t\u00ebrmeti. Banor\u00ebt kan\u00eb nevoj\u00eb p\u00ebr mb\u00ebshtetje dhe jo propagand\u00eb! K\u00ebrkojm\u00eb [&hellip;]<\/p>\n","protected":false},"author":2013,"featured_media":108651,"comment_status":"open","ping_status":"closed","sticky":false,"template":"","format":"standard","meta":{"footnotes":""},"categories":[241,235],"tags":[],"class_list":{"0":"post-108649","1":"post","2":"type-post","3":"status-publish","4":"format-standard","5":"has-post-thumbnail","7":"category-aktualitet","8":"category-vendi"},"_links":{"self":[{"href":"https:\/\/zjarr.tv\/sq\/wp-json\/wp\/v2\/posts\/108649","targetHints":{"allow":["GET"]}}],"collection":[{"href":"https:\/\/zjarr.tv\/sq\/wp-json\/wp\/v2\/posts"}],"about":[{"href":"https:\/\/zjarr.tv\/sq\/wp-json\/wp\/v2\/types\/post"}],"author":[{"embeddable":true,"href":"https:\/\/zjarr.tv\/sq\/wp-json\/wp\/v2\/users\/2013"}],"replies":[{"embeddable":true,"href":"https:\/\/zjarr.tv\/sq\/wp-json\/wp\/v2\/comments?post=108649"}],"version-history":[{"count":0,"href":"https:\/\/zjarr.tv\/sq\/wp-json\/wp\/v2\/posts\/108649\/revisions"}],"wp:featuredmedia":[{"embeddable":true,"href":"https:\/\/zjarr.tv\/sq\/wp-json\/wp\/v2\/media\/108651"}],"wp:attachment":[{"href":"https:\/\/zjarr.tv\/sq\/wp-json\/wp\/v2\/media?parent=108649"}],"wp:term":[{"taxonomy":"category","embeddable":true,"href":"https:\/\/zjarr.tv\/sq\/wp-json\/wp\/v2\/categories?post=108649"},{"taxonomy":"post_tag","embeddable":true,"href":"https:\/\/zjarr.tv\/sq\/wp-json\/wp\/v2\/tags?post=108649"}],"curies":[{"name":"wp","href":"https:\/\/api.w.org\/{rel}","templated":true}]}}