{"id":108808,"date":"2019-09-25T11:34:03","date_gmt":"2019-09-25T09:34:03","guid":{"rendered":"https:\/\/zjarr.tv\/?p=108808"},"modified":"2019-09-25T11:34:03","modified_gmt":"2019-09-25T09:34:03","slug":"opozita-ne-tryezen-e-reformes-zgjedhore-shba-mirepresim-vendimin-e-bashes","status":"publish","type":"post","link":"https:\/\/zjarr.tv\/sq\/opozita-ne-tryezen-e-reformes-zgjedhore-shba-mirepresim-vendimin-e-bashes\/","title":{"rendered":"Opozita n\u00eb tryez\u00ebn e Reform\u00ebs Zgjedhore, SHBA: Mir\u00ebpresim vendimin e Bash\u00ebs"},"content":{"rendered":"<p>Ambasada e SHBA-s\u00eb ka reaguar dit\u00ebn e sotme p\u00ebr vendimin e kreut t\u00eb PD-s\u00eb, Lulzim Basha p\u00ebr t\u00eb marr\u00eb pjes\u00eb n\u00eb tryez\u00ebn e OSBE-s\u00eb p\u00ebr Reform\u00ebn Zgjedhore.<\/p>\n<p>P\u00ebrmes nj\u00eb reagimi p\u00ebr mediat, ambasada e SHBA-s\u00eb vler\u00ebson vendimin e Bash\u00ebs, duke theksuar se p\u00ebrpjekjet e tij demonstrojn\u00eb udh\u00ebheq\u00ebsi t\u00eb v\u00ebrtet\u00eb mbi nj\u00eb \u00e7\u00ebshtje thelb\u00ebsore p\u00ebr forcimin e m\u00ebtejsh\u00ebm t\u00eb institucioneve demokratike t\u00eb Shqip\u00ebris\u00eb.<\/p>\n<p>\u201cShtetet e Bashkuara mir\u00ebpresin vendimin e partive opozitare p\u00ebr t\u00eb d\u00ebrguar p\u00ebrfaq\u00ebsues n\u00eb konferenc\u00ebn p\u00ebr reform\u00ebn zgjedhore bashk\u00ebrenduar nga parlamenti dhe Prezenca e OSBE-s\u00eb n\u00eb Shqip\u00ebri. Ne p\u00ebrsh\u00ebndesim Kryetarin e Partis\u00eb Demokratike Lulzim Basha q\u00eb thirri nj\u00eb takim t\u00eb opozit\u00ebs dje. P\u00ebrpjekjet e tij demonstrojn\u00eb udh\u00ebheq\u00ebsi t\u00eb v\u00ebrtet\u00eb mbi nj\u00eb \u00e7\u00ebshtje thelb\u00ebsore p\u00ebr forcimin e m\u00ebtejsh\u00ebm t\u00eb institucioneve demokratike t\u00eb Shqip\u00ebris\u00eb. Shtetet e Bashkuara mb\u00ebshtesin miratimin e reformave t\u00eb nxitura nga ekspert\u00ebt zgjedhor\u00eb t\u00eb OSBE\/ODIHR n\u00eb m\u00ebnyr\u00eb q\u00eb Shqip\u00ebria t\u00eb mund t\u00eb zhvilloj\u00eb zgjedhje q\u00eb jan\u00eb t\u00eb lira nga shtr\u00ebngimi, trysnia politike, dhe blerja e vot\u00ebs. Populli shqiptar nuk meriton asgj\u00eb m\u00eb pak se sa kjo.\u201d, -thuhet n\u00eb reagimin e SHBA-s\u00eb.<\/p>\n<p>T\u00eb mart\u00ebn, opozita vendosi p\u00ebr t\u00eb marr\u00eb pjes\u00eb n\u00eb tryez\u00ebn e organizuar nga OSBE p\u00ebr Reform\u00ebn Zgjedhore, duke d\u00ebrguar 3 ekspert\u00eb.<\/p>\n","protected":false},"excerpt":{"rendered":"<p>Ambasada e SHBA-s\u00eb ka reaguar dit\u00ebn e sotme p\u00ebr vendimin e kreut t\u00eb PD-s\u00eb, Lulzim Basha p\u00ebr t\u00eb marr\u00eb pjes\u00eb n\u00eb tryez\u00ebn e OSBE-s\u00eb p\u00ebr Reform\u00ebn Zgjedhore. P\u00ebrmes nj\u00eb reagimi p\u00ebr mediat, ambasada e SHBA-s\u00eb vler\u00ebson vendimin e Bash\u00ebs, duke theksuar se p\u00ebrpjekjet e tij demonstrojn\u00eb udh\u00ebheq\u00ebsi t\u00eb v\u00ebrtet\u00eb mbi nj\u00eb \u00e7\u00ebshtje thelb\u00ebsore p\u00ebr forcimin [&hellip;]<\/p>\n","protected":false},"author":4,"featured_media":85291,"comment_status":"open","ping_status":"closed","sticky":false,"template":"","format":"standard","meta":{"footnotes":""},"categories":[241,231,235],"tags":[],"class_list":{"0":"post-108808","1":"post","2":"type-post","3":"status-publish","4":"format-standard","5":"has-post-thumbnail","7":"category-aktualitet","8":"category-lajme","9":"category-vendi"},"_links":{"self":[{"href":"https:\/\/zjarr.tv\/sq\/wp-json\/wp\/v2\/posts\/108808","targetHints":{"allow":["GET"]}}],"collection":[{"href":"https:\/\/zjarr.tv\/sq\/wp-json\/wp\/v2\/posts"}],"about":[{"href":"https:\/\/zjarr.tv\/sq\/wp-json\/wp\/v2\/types\/post"}],"author":[{"embeddable":true,"href":"https:\/\/zjarr.tv\/sq\/wp-json\/wp\/v2\/users\/4"}],"replies":[{"embeddable":true,"href":"https:\/\/zjarr.tv\/sq\/wp-json\/wp\/v2\/comments?post=108808"}],"version-history":[{"count":0,"href":"https:\/\/zjarr.tv\/sq\/wp-json\/wp\/v2\/posts\/108808\/revisions"}],"wp:featuredmedia":[{"embeddable":true,"href":"https:\/\/zjarr.tv\/sq\/wp-json\/wp\/v2\/media\/85291"}],"wp:attachment":[{"href":"https:\/\/zjarr.tv\/sq\/wp-json\/wp\/v2\/media?parent=108808"}],"wp:term":[{"taxonomy":"category","embeddable":true,"href":"https:\/\/zjarr.tv\/sq\/wp-json\/wp\/v2\/categories?post=108808"},{"taxonomy":"post_tag","embeddable":true,"href":"https:\/\/zjarr.tv\/sq\/wp-json\/wp\/v2\/tags?post=108808"}],"curies":[{"name":"wp","href":"https:\/\/api.w.org\/{rel}","templated":true}]}}