{"id":108832,"date":"2019-09-25T12:54:57","date_gmt":"2019-09-25T10:54:57","guid":{"rendered":"https:\/\/zjarr.tv\/?p=108832"},"modified":"2019-09-25T12:54:57","modified_gmt":"2019-09-25T10:54:57","slug":"gjermania-me-ramen-ne-qeveri-shqiperia-rrezikon-te-shkaktoje-konflikt-ne-ballkan","status":"publish","type":"post","link":"https:\/\/zjarr.tv\/sq\/gjermania-me-ramen-ne-qeveri-shqiperia-rrezikon-te-shkaktoje-konflikt-ne-ballkan\/","title":{"rendered":"Gjermania: Me Ram\u00ebn n\u00eb qeveri, Shqip\u00ebria rrezikon t\u00eb shkaktoj\u00eb konflikt n\u00eb Ballkan"},"content":{"rendered":"<p>Nj\u00eb dit\u00eb m\u00eb par\u00eb qarkulluan shum\u00eb lajme e komente p\u00ebr deklarat\u00ebn e miratuar nga grupet parlamentare t\u00eb koalicionit t\u00eb madh qeveris\u00ebs n\u00eb Gjermani n\u00eb lidhje me \u00e7eljen e negociatave.<\/p>\n<p>P\u00ebr shkak se deklarata p\u00ebrmbante shum\u00eb pika, pati disa momente q\u00eb nuk dol\u00ebn shum\u00eb n\u00eb drit\u00eb. Nj\u00eb prej tyre e evidentoi kryetarja e LSI, Monika Kryemadhi. Ajo tha se Shqip\u00ebria po rrezikon t\u00eb kthehet n\u00eb faktor destabiliteti n\u00eb rajon. Sipas saj, kjo \u00ebsht\u00eb hera e par\u00eb n\u00eb 30 vite q\u00eb Shqip\u00ebria kritikohet n\u00eb k\u00ebt\u00eb drejtim.<\/p>\n<p><strong>Por \u00e7far\u00eb thuhet n\u00eb dokumentin gjerman?<\/strong><\/p>\n<div id=\"rekl-13\">\n<div id=\"__sap-ad-15\" class=\"__sap-ads __sap-html tracked\" data-title=\"Credins desktop 08\"><ins><\/p>\n<div id=\"beacon_9e83e425f9\"><img loading=\"lazy\" decoding=\"async\" src=\"https:\/\/ads1.medium.al\/www\/delivery\/lg.php?bannerid=373&amp;campaignid=48&amp;zoneid=182&amp;loc=https%3A%2F%2Fwww.syri.net%2Fpolitike%2F282625%2Fgjermania-me-ramen-ne-qeveri-shqiperia-rrezikon-te-shkaktoje-konflikt-ne-ballkan%2F&amp;referer=https%3A%2F%2Fwww.syri.net%2Flajme%2F&amp;cb=9e83e425f9\" alt=\"\" width=\"0\" height=\"0\" \/><\/div>\n<p><\/ins><\/div>\n<\/div>\n<p><em>\u2018Deklaratat politike dhe p\u00ebrpjekjet p\u00ebr bashkimin e popullat\u00ebs shqiptare n\u00eb Shqip\u00ebri, Kosov\u00eb dhe Maqedoni n\u00ebn Shqip\u00ebrin\u00eb e Madhe mund t\u00eb \u00e7ojn\u00eb n\u00eb konflikte t\u00eb paparashikueshme n\u00eb Ballkanin Per\u00ebndimor.<\/em><\/p>\n<p><em>Ato duhet t\u00eb ndalen menj\u00ebher\u00eb sepse k\u00ebto p\u00ebrpjekje do t\u00eb ishin t\u00eb papajtueshme me an\u00ebtar\u00ebsimin n\u00eb BE dhe do t\u00eb \u00e7onin n\u00eb nd\u00ebrprerjen e negociatave t\u00eb an\u00ebtar\u00ebsimit&#8217;.<\/em><\/p>\n<p>N\u00ebse ka pasur nj\u00eb fush\u00eb ku Shqip\u00ebria ka marr\u00eb gjithmon\u00eb vler\u00ebsime nga BE dhe SHBA, ajo ka qen\u00eb tek roli paqtues n\u00eb rajon. Shqip\u00ebria \u00ebsht\u00eb vler\u00ebsuar gjithmon\u00eb si faktor stabiliteti.<\/p>\n<p>Por pas komenteve t\u00eb kryeministrit Edi Rama p\u00ebr bashkimin e popullat\u00ebs shqiptare dhe pozicionimit t\u00eb tij n\u00eb krah t\u00eb tez\u00ebs p\u00ebr ndarjen e Kosov\u00ebs, Berlini ka reaguar i alarmuar.<\/p>\n<p>Nd\u00ebrkoh\u00eb n\u00eb dokumentin gjerman, Bundestagu i b\u00ebn thirrje qeveris\u00eb q\u00eb\u00a0<em>\u2018t\u00eb siguroj\u00eb q\u00eb Shqip\u00ebria t\u00eb p\u00ebrmbush\u00eb plot\u00ebsisht kriteret politike dhe ekonomike n\u00eb rast an\u00ebtar\u00ebsimi\u2019<\/em>\u00a0duke n\u00ebnizuar se\u00a0<em>\u2018p\u00ebrmbushja e rrept\u00eb e kritereve t\u00eb Kopenhagenit mbetet parakusht p\u00ebr an\u00ebtar\u00ebsimin. Nuk duhet t\u00eb ket\u00eb an\u00ebtar\u00ebsim automatik, p\u00ebr shembull duke p\u00ebrmendur nj\u00eb dat\u00eb pranimi p\u00ebrpara p\u00ebrfundimit t\u00eb negociatave\u2019.<\/em><\/p>\n<p><em>\u2018Qeveria duhet t\u00eb siguroj\u00eb, q\u00eb kuadri i negociatave t\u00eb nd\u00ebrtohet n\u00eb m\u00ebnyr\u00eb t\u00eb till\u00eb q\u00eb t\u00eb sigurohet nj\u00eb vazhdim konsekuent i kursit t\u00eb reform\u00ebs dhe mbi t\u00eb gjitha zbatimi i reformave t\u00eb miratuara nga Shqip\u00ebria. N\u00ebse pas hapjes s\u00eb negociatave t\u00eb pranimit, Shqip\u00ebria vonon, pezullon ose t\u00ebrheq p\u00ebrmbushjen e detyrimeve, at\u00ebher\u00eb negociatat e pranimit duhet t\u00eb ndalojn\u00eb dhe n\u00eb rast dyshimi, t\u00eb nd\u00ebrpriten. Hapja dhe mbyllja e kapitujve individual\u00eb t\u00eb negociatave duhet t\u00eb varen nga kritere t\u00eb qarta,\u2019\u00a0<\/em>thuhet n\u00eb dokument.<\/p>\n","protected":false},"excerpt":{"rendered":"<p>Nj\u00eb dit\u00eb m\u00eb par\u00eb qarkulluan shum\u00eb lajme e komente p\u00ebr deklarat\u00ebn e miratuar nga grupet parlamentare t\u00eb koalicionit t\u00eb madh qeveris\u00ebs n\u00eb Gjermani n\u00eb lidhje me \u00e7eljen e negociatave. P\u00ebr shkak se deklarata p\u00ebrmbante shum\u00eb pika, pati disa momente q\u00eb nuk dol\u00ebn shum\u00eb n\u00eb drit\u00eb. Nj\u00eb prej tyre e evidentoi kryetarja e LSI, Monika Kryemadhi. [&hellip;]<\/p>\n","protected":false},"author":2013,"featured_media":91598,"comment_status":"open","ping_status":"closed","sticky":false,"template":"","format":"standard","meta":{"footnotes":""},"categories":[241,235],"tags":[],"class_list":{"0":"post-108832","1":"post","2":"type-post","3":"status-publish","4":"format-standard","5":"has-post-thumbnail","7":"category-aktualitet","8":"category-vendi"},"_links":{"self":[{"href":"https:\/\/zjarr.tv\/sq\/wp-json\/wp\/v2\/posts\/108832","targetHints":{"allow":["GET"]}}],"collection":[{"href":"https:\/\/zjarr.tv\/sq\/wp-json\/wp\/v2\/posts"}],"about":[{"href":"https:\/\/zjarr.tv\/sq\/wp-json\/wp\/v2\/types\/post"}],"author":[{"embeddable":true,"href":"https:\/\/zjarr.tv\/sq\/wp-json\/wp\/v2\/users\/2013"}],"replies":[{"embeddable":true,"href":"https:\/\/zjarr.tv\/sq\/wp-json\/wp\/v2\/comments?post=108832"}],"version-history":[{"count":0,"href":"https:\/\/zjarr.tv\/sq\/wp-json\/wp\/v2\/posts\/108832\/revisions"}],"wp:featuredmedia":[{"embeddable":true,"href":"https:\/\/zjarr.tv\/sq\/wp-json\/wp\/v2\/media\/91598"}],"wp:attachment":[{"href":"https:\/\/zjarr.tv\/sq\/wp-json\/wp\/v2\/media?parent=108832"}],"wp:term":[{"taxonomy":"category","embeddable":true,"href":"https:\/\/zjarr.tv\/sq\/wp-json\/wp\/v2\/categories?post=108832"},{"taxonomy":"post_tag","embeddable":true,"href":"https:\/\/zjarr.tv\/sq\/wp-json\/wp\/v2\/tags?post=108832"}],"curies":[{"name":"wp","href":"https:\/\/api.w.org\/{rel}","templated":true}]}}