{"id":108836,"date":"2019-09-25T13:05:15","date_gmt":"2019-09-25T11:05:15","guid":{"rendered":"https:\/\/zjarr.tv\/?p=108836"},"modified":"2019-09-25T13:05:15","modified_gmt":"2019-09-25T11:05:15","slug":"jozefina-topalli-tregon-vuajtjet-e-tmerrshme-te-jetes-godet-politikanet-te-ikin-4-shahistet-po-bejne-pazare-e-shantazhe","status":"publish","type":"post","link":"https:\/\/zjarr.tv\/sq\/jozefina-topalli-tregon-vuajtjet-e-tmerrshme-te-jetes-godet-politikanet-te-ikin-4-shahistet-po-bejne-pazare-e-shantazhe\/","title":{"rendered":"Jozefina Topalli tregon vuajtjet e tmerrshme t\u00eb jet\u00ebs, godet politikan\u00ebt: T\u00eb ikin 4 shahist\u00ebt, po b\u00ebjn\u00eb pazare e shantazhe!"},"content":{"rendered":"<p>Ish-kryetarja e Kuvendit t\u00eb Shqip\u00ebris\u00eb, Jozefina Topalli, \u00ebsht\u00eb vler\u00ebsuar me \u00e7mimin e karrier\u00ebs nga Universiteti i Shkodr\u00ebs. N\u00eb fjal\u00ebn e saj, Topalli tregoi vitet e v\u00ebshtira t\u00eb jet\u00ebs s\u00eb saj, kur i \u00ebsht\u00eb dashur t\u00eb vuaj\u00eb, p\u00ebr shkak se familja e saj ishte e p\u00ebrndjekur.<\/p>\n<div id=\"sovrn\" class=\"desktop_ad ad_bottom_space\"><ins><\/ins><\/p>\n<div id=\"onetag-wrapper-3\" class=\"sovrn-onetag-ad\"><\/div>\n<\/div>\n<p>Ajo tregoi se e kishte pasur shum\u00eb t\u00eb v\u00ebshtir\u00eb t\u00eb gjente pun\u00eb, dhe se n\u00eb mosh\u00ebn 20 deri n\u00eb 28 vje\u00e7e, ajo kishte punuar si punonj\u00ebse bujq\u00ebsore, duke mbjell\u00eb tok\u00eb, prashitur e mbajtur thas\u00eb n\u00eb shpin\u00eb.<\/p>\n<div id=\"sticky-video--close-button\" class=\"sticky-video--close-button-visible\"><\/div>\n<p><iframe src=\"https:\/\/www.facebook.com\/plugins\/video.php?href=https%3A%2F%2Fwww.facebook.com%2Fstarplustelevision%2Fvideos%2F1939468749489750%2F&amp;show_text=0&amp;width=560\" frameborder=\"0\" scrolling=\"no\" allowfullscreen=\"allowfullscreen\" data-sticky-video-state=\"sticky\" data-mce-fragment=\"1\"><\/iframe><\/p>\n<p>Nd\u00ebrkoh\u00eb, mes t\u00eb tjerash, duke th\u00ebn\u00eb se ka d\u00ebshtuar shum\u00eb n\u00eb jet\u00eb, Topalli deklaroi se nuk e kishte imagjinuar kurr\u00eb q\u00eb do b\u00ebhej kryeparlamentare dhe as se do t\u00eb kishte munges\u00eb p\u00ebrfaq\u00ebsimi, pasi sipas saj, dikujt p\u00ebr t\u00eb ruajtur karrigen i interesonte djegia e mandateve.<\/p>\n<p>\u201cT\u00eb gjith\u00eb e kishin marr\u00eb vesh q\u00eb un\u00eb kisha dal\u00eb e para. Po fluturoja. Kam pritur mbi 40 vite p\u00ebr t\u00eb ardhur s\u00ebrish k\u00ebtu, k\u00ebsaj radhe me nj\u00eb \u00e7mim n\u00eb emrin tim. Isha me nipin e porsalindur n\u00eb krah kur mora mesazhin nga nj\u00eb pedagoge e Universitetit, e cila m\u00eb tha se do nderohesha me nj\u00eb \u00e7mim. U habita se kur bie nga pushteti, nuk t\u00eb japin \u00e7mime. Un\u00eb isha m\u00ebsuar q\u00eb sistemi edhe pse isha e para hiqnin foton time nga tabela e nderit, as sot nuk ka nd\u00ebrruar sistemi. Fati im ishte p\u00ebrcaktuar q\u00eb para se t\u00eb lindja dhe m\u00eb ndoqi edhe m\u00eb tej. Im at m\u00eb thoshte se \u2018neve na kan\u00eb shpallur armiq t\u00eb popullit, nuk t\u00eb l\u00ebn\u00eb t\u00eb ndjek\u00ebsh studimet e larta\u2019. N\u00ebse kritikon shefin shpallesh armike. N\u00eb vend t\u00eb studimeve, un\u00eb fillova si nx\u00ebn\u00ebse n\u00eb fabrik\u00eb. M\u00eb premtuan se pas gjasht\u00eb muajsh do m\u00eb paguanin, ne ishim gjasht\u00eb vet\u00eb n\u00eb sht\u00ebpi, jetonim vet\u00ebm me pensionin e babait.<\/p>\n<div id=\"videoad\"><\/div>\n<div id=\"pa_1x1_psbk_1569409478313\"><iframe id=\"postbid_if_1569409478470\" width=\"300\" height=\"250\" frameborder=\"0\" marginwidth=\"0\" marginheight=\"0\" scrolling=\"no\" data-mce-fragment=\"1\"><\/iframe><\/div>\n<p>Kaluan gjasht\u00eb muaj dhe drejtoresha m\u00eb tha \u2018p\u00ebr ty nuk kemi vend pune\u2019. u ktheva n\u00eb sht\u00ebpi pa asnj\u00eb lek n\u00eb xhep. M\u00eb von\u00eb, m\u00eb nxor\u00ebn jasht\u00eb nga uzina e telave. Tet\u00eb vite, nga 20 deri n\u00eb 28 vje\u00e7e, punova n\u00eb stacion t\u00eb mistri, si pun\u00ebtore bujq\u00ebsie, kam mbjell\u00eb tok\u00ebn, kam prashit, kam mbajtur thas\u00eb. M\u00eb von\u00eb m\u00eb pranuan n\u00eb Universitetin e matematik\u00ebs n\u00eb Tiran\u00eb, por p\u00ebr shkak t\u00eb vajz\u00ebs s\u00eb vog\u00ebl, e vijova n\u00eb Universitetin e Shkodr\u00ebs. Un\u00eb kam d\u00ebshtuar p\u00ebr shum\u00eb vite, derisa hyra n\u00eb universitet. Kurr\u00eb nuk e kam imagjinuar se do isha kryeparlamentare, por as n\u00eb \u00ebnd\u00ebrr se kam imagjinuar se n\u00eb liri do kishte munges\u00eb p\u00ebrfaq\u00ebsimi, sepse dikujt p\u00ebr t\u00eb ruajtur karrigen e vet\u00eb i interesonte djegia e mandateve.<\/p>\n<p>Ne duhet t\u00eb ndryshojm\u00eb q\u00eb tani sistemin e edukimit. Kat\u00ebr persona mbajn\u00eb peng vendin. \u00cbsht\u00eb kur i humbet t\u00eb gjitha, kur ndihesh i fort\u00eb. Politika jon\u00eb \u00ebsht\u00eb n\u00eb kriz\u00eb t\u00eb thell\u00eb, vendi \u00ebsht\u00eb pa p\u00ebrfaq\u00ebsim. Nuk ka qeveri, opozit\u00eb, ata kan\u00eb deformuar demokracin\u00eb. Ose b\u00ebjn\u00eb pazare, ose b\u00ebjn\u00eb shantazhe. \u00cbsht\u00eb m\u00eb mir\u00eb t\u00eb ikin kat\u00ebr shahist\u00ebt. N\u00ebse forcat e vjetra politike nuk reformohen, ka vet\u00ebm nj\u00eb zgjidhje, nj\u00eb l\u00ebvizje t\u00eb re\u201d, tha Topalli.<\/p>\n<p>N\u00eb ceremoni, t\u00eb pranish\u00ebm ishte edhe familja e Jozefina Topallit, e p\u00ebrb\u00ebr\u00eb nga bashk\u00ebshorti, djali, vajza dhe nipi i saj, Nikola.<\/p>\n","protected":false},"excerpt":{"rendered":"<p>Ish-kryetarja e Kuvendit t\u00eb Shqip\u00ebris\u00eb, Jozefina Topalli, \u00ebsht\u00eb vler\u00ebsuar me \u00e7mimin e karrier\u00ebs nga Universiteti i Shkodr\u00ebs. N\u00eb fjal\u00ebn e saj, Topalli tregoi vitet e v\u00ebshtira t\u00eb jet\u00ebs s\u00eb saj, kur i \u00ebsht\u00eb dashur t\u00eb vuaj\u00eb, p\u00ebr shkak se familja e saj ishte e p\u00ebrndjekur. Ajo tregoi se e kishte pasur shum\u00eb t\u00eb v\u00ebshtir\u00eb t\u00eb [&hellip;]<\/p>\n","protected":false},"author":2013,"featured_media":108842,"comment_status":"open","ping_status":"closed","sticky":false,"template":"","format":"standard","meta":{"footnotes":""},"categories":[241,235],"tags":[],"class_list":{"0":"post-108836","1":"post","2":"type-post","3":"status-publish","4":"format-standard","5":"has-post-thumbnail","7":"category-aktualitet","8":"category-vendi"},"_links":{"self":[{"href":"https:\/\/zjarr.tv\/sq\/wp-json\/wp\/v2\/posts\/108836","targetHints":{"allow":["GET"]}}],"collection":[{"href":"https:\/\/zjarr.tv\/sq\/wp-json\/wp\/v2\/posts"}],"about":[{"href":"https:\/\/zjarr.tv\/sq\/wp-json\/wp\/v2\/types\/post"}],"author":[{"embeddable":true,"href":"https:\/\/zjarr.tv\/sq\/wp-json\/wp\/v2\/users\/2013"}],"replies":[{"embeddable":true,"href":"https:\/\/zjarr.tv\/sq\/wp-json\/wp\/v2\/comments?post=108836"}],"version-history":[{"count":0,"href":"https:\/\/zjarr.tv\/sq\/wp-json\/wp\/v2\/posts\/108836\/revisions"}],"wp:featuredmedia":[{"embeddable":true,"href":"https:\/\/zjarr.tv\/sq\/wp-json\/wp\/v2\/media\/108842"}],"wp:attachment":[{"href":"https:\/\/zjarr.tv\/sq\/wp-json\/wp\/v2\/media?parent=108836"}],"wp:term":[{"taxonomy":"category","embeddable":true,"href":"https:\/\/zjarr.tv\/sq\/wp-json\/wp\/v2\/categories?post=108836"},{"taxonomy":"post_tag","embeddable":true,"href":"https:\/\/zjarr.tv\/sq\/wp-json\/wp\/v2\/tags?post=108836"}],"curies":[{"name":"wp","href":"https:\/\/api.w.org\/{rel}","templated":true}]}}