{"id":108838,"date":"2019-09-25T13:03:34","date_gmt":"2019-09-25T11:03:34","guid":{"rendered":"https:\/\/zjarr.tv\/?p=108838"},"modified":"2019-09-25T13:03:34","modified_gmt":"2019-09-25T11:03:34","slug":"reforma-zgjedhore-ambasadori-i-be-se-mirepresim-angazhimin-duhet-dialog-per-te-kapercyer-krizen","status":"publish","type":"post","link":"https:\/\/zjarr.tv\/sq\/reforma-zgjedhore-ambasadori-i-be-se-mirepresim-angazhimin-duhet-dialog-per-te-kapercyer-krizen\/","title":{"rendered":"Reforma zgjedhore\/ Ambasadori i BE-s\u00eb: Mir\u00ebpresim angazhimin, duhet dialog p\u00ebr t\u00eb kap\u00ebrcyer kriz\u00ebn"},"content":{"rendered":"<p>Ambasadori i BE n\u00eb Tiran\u00eb, Luigi Soreca ka reaguar p\u00ebrmes nj\u00eb postimi n\u00eb rrjetet sociale lidhur me tryez\u00ebn e OSBE p\u00ebr reform\u00ebn zgjedhore.<\/p>\n<p>\u201cNe mir\u00ebpresim angazhimin e lider\u00ebve t\u00eb # Shqip\u00ebris\u00eb t\u00eb partive opozitare n\u00eb kontekstin e tryez\u00ebs s\u00eb rrumbullak\u00ebt p\u00ebr reform\u00ebn zgjedhore, t\u00eb leht\u00ebsuar nga @OSCE.<\/p>\n<p>\u201cKa nevoj\u00eb p\u00ebr dialog t\u00eb plot\u00eb nd\u00ebr-partiak p\u00ebr t\u00eb adresuar me shpejt\u00ebsi rekomandimet e ODIHR dhe p\u00ebr t\u00eb kap\u00ebrcyer situat\u00ebn aktuale politike.\u201d shkruan Soreca n\u00eb twitter.<\/p>\n<blockquote class=\"twitter-tweet twitter-tweet-error\" data-lang=\"en\" data-twitter-extracted-i1569409362482892186=\"true\">\n<p dir=\"ltr\" lang=\"en\">We welcome the engagement of\u00a0<a href=\"https:\/\/twitter.com\/hashtag\/Albania?src=hash&amp;ref_src=twsrc%5Etfw\">#Albania<\/a>\u2019s leaders of opposition parties in the context of today\u2019s roundtable on electoral reform, facilitated by\u00a0<a href=\"https:\/\/twitter.com\/OSCE?ref_src=twsrc%5Etfw\">@OSCE<\/a>.<br \/>\n\ud83c\udde6\ud83c\uddf1 needs full cross-party dialogue to swiftly address ODIHR recommendations and to overcome the current political situation.\u00a0<a href=\"https:\/\/t.co\/6LZvShRxEc\">pic.twitter.com\/6LZvShRxEc<\/a><\/p>\n<\/blockquote>\n","protected":false},"excerpt":{"rendered":"<p>Ambasadori i BE n\u00eb Tiran\u00eb, Luigi Soreca ka reaguar p\u00ebrmes nj\u00eb postimi n\u00eb rrjetet sociale lidhur me tryez\u00ebn e OSBE p\u00ebr reform\u00ebn zgjedhore. \u201cNe mir\u00ebpresim angazhimin e lider\u00ebve t\u00eb # Shqip\u00ebris\u00eb t\u00eb partive opozitare n\u00eb kontekstin e tryez\u00ebs s\u00eb rrumbullak\u00ebt p\u00ebr reform\u00ebn zgjedhore, t\u00eb leht\u00ebsuar nga @OSCE. \u201cKa nevoj\u00eb p\u00ebr dialog t\u00eb plot\u00eb nd\u00ebr-partiak p\u00ebr [&hellip;]<\/p>\n","protected":false},"author":2013,"featured_media":108839,"comment_status":"open","ping_status":"closed","sticky":false,"template":"","format":"standard","meta":{"footnotes":""},"categories":[241,235],"tags":[],"class_list":{"0":"post-108838","1":"post","2":"type-post","3":"status-publish","4":"format-standard","5":"has-post-thumbnail","7":"category-aktualitet","8":"category-vendi"},"_links":{"self":[{"href":"https:\/\/zjarr.tv\/sq\/wp-json\/wp\/v2\/posts\/108838","targetHints":{"allow":["GET"]}}],"collection":[{"href":"https:\/\/zjarr.tv\/sq\/wp-json\/wp\/v2\/posts"}],"about":[{"href":"https:\/\/zjarr.tv\/sq\/wp-json\/wp\/v2\/types\/post"}],"author":[{"embeddable":true,"href":"https:\/\/zjarr.tv\/sq\/wp-json\/wp\/v2\/users\/2013"}],"replies":[{"embeddable":true,"href":"https:\/\/zjarr.tv\/sq\/wp-json\/wp\/v2\/comments?post=108838"}],"version-history":[{"count":0,"href":"https:\/\/zjarr.tv\/sq\/wp-json\/wp\/v2\/posts\/108838\/revisions"}],"wp:featuredmedia":[{"embeddable":true,"href":"https:\/\/zjarr.tv\/sq\/wp-json\/wp\/v2\/media\/108839"}],"wp:attachment":[{"href":"https:\/\/zjarr.tv\/sq\/wp-json\/wp\/v2\/media?parent=108838"}],"wp:term":[{"taxonomy":"category","embeddable":true,"href":"https:\/\/zjarr.tv\/sq\/wp-json\/wp\/v2\/categories?post=108838"},{"taxonomy":"post_tag","embeddable":true,"href":"https:\/\/zjarr.tv\/sq\/wp-json\/wp\/v2\/tags?post=108838"}],"curies":[{"name":"wp","href":"https:\/\/api.w.org\/{rel}","templated":true}]}}