{"id":108844,"date":"2019-09-25T13:06:03","date_gmt":"2019-09-25T11:06:03","guid":{"rendered":"https:\/\/zjarr.tv\/?p=108844"},"modified":"2019-09-25T13:06:03","modified_gmt":"2019-09-25T11:06:03","slug":"ambasadori-italian-ti-hapen-tani-negociatat-shqiperise-kushtet-jane-plotesuar-partite-te-zgjidhin-krizen","status":"publish","type":"post","link":"https:\/\/zjarr.tv\/sq\/ambasadori-italian-ti-hapen-tani-negociatat-shqiperise-kushtet-jane-plotesuar-partite-te-zgjidhin-krizen\/","title":{"rendered":"Ambasadori italian: T\u2019i hapen tani negociatat Shqip\u00ebris\u00eb, kushtet jan\u00eb plot\u00ebsuar! Partit\u00eb t\u00eb zgjidhin kriz\u00ebn"},"content":{"rendered":"<p>Ambasadori i Italis\u00eb n\u00eb vendin ton\u00eb, Alberto Cutillo, ka folur p\u00ebr tryez\u00ebn e OSBE p\u00ebr Reform\u00ebn Zgjedhore, t\u00eb mbledhur dit\u00ebn e sotme, ku e pranishme ishte edhe opozita joparlamentare.<\/p>\n<p>Kryediplomati italian iu ka b\u00ebr\u00eb thirrje partive politike t\u00eb ulen p\u00ebr t\u00eb zgjidhur problemet q\u00eb kan\u00eb, sidomos me Reform\u00ebn Zgjedhore, nd\u00ebrsa ka k\u00ebrkuar t\u2019i hapen negociatat Shqip\u00ebris\u00eb tani, pasi sipas tij, jan\u00eb plot\u00ebsuar me koh\u00eb kushtet.<\/p>\n<p>\u201cZgjidhja e kriz\u00ebs politike \u00ebsht\u00eb nj\u00eb objektiv kryesor p\u00ebr nj\u00eb vend q\u00eb k\u00ebrkon t\u00eb aderoj\u00eb n\u00eb BE. Ftojm\u00eb t\u00eb gjitha forcat politike t\u00eb ulen s\u00eb bashku p\u00ebr t\u00eb zgjidhur problemet q\u00eb kan\u00eb, sidomos reform\u00ebn zgjedhore.<\/p>\n<p>BE i ka dh\u00ebn\u00eb disa detyra Shqip\u00ebris\u00eb dhe ne mendojm\u00eb se k\u00ebto detyra jan\u00eb plot\u00ebsuar koh\u00eb m\u00eb par\u00eb dhe nuk gjejm\u00eb arsye p\u00ebrse duhen vendosur kushte t\u00eb reja p\u00ebr t\u00eb hapur negociatat. Negociatat duhen hapur tani. T\u00eb hap\u00ebsh negociatat nuk do t\u00eb thot\u00eb t\u00eb jesh an\u00ebtar i BE, por t\u00eb nis\u00ebsh rrug\u00ebtimin drejt saj\u201d, ka deklaruar ambasadori Cutillo.<\/p>\n","protected":false},"excerpt":{"rendered":"<p>Ambasadori i Italis\u00eb n\u00eb vendin ton\u00eb, Alberto Cutillo, ka folur p\u00ebr tryez\u00ebn e OSBE p\u00ebr Reform\u00ebn Zgjedhore, t\u00eb mbledhur dit\u00ebn e sotme, ku e pranishme ishte edhe opozita joparlamentare. Kryediplomati italian iu ka b\u00ebr\u00eb thirrje partive politike t\u00eb ulen p\u00ebr t\u00eb zgjidhur problemet q\u00eb kan\u00eb, sidomos me Reform\u00ebn Zgjedhore, nd\u00ebrsa ka k\u00ebrkuar t\u2019i hapen negociatat [&hellip;]<\/p>\n","protected":false},"author":2013,"featured_media":108847,"comment_status":"open","ping_status":"closed","sticky":false,"template":"","format":"standard","meta":{"footnotes":""},"categories":[241,235],"tags":[],"class_list":{"0":"post-108844","1":"post","2":"type-post","3":"status-publish","4":"format-standard","5":"has-post-thumbnail","7":"category-aktualitet","8":"category-vendi"},"_links":{"self":[{"href":"https:\/\/zjarr.tv\/sq\/wp-json\/wp\/v2\/posts\/108844","targetHints":{"allow":["GET"]}}],"collection":[{"href":"https:\/\/zjarr.tv\/sq\/wp-json\/wp\/v2\/posts"}],"about":[{"href":"https:\/\/zjarr.tv\/sq\/wp-json\/wp\/v2\/types\/post"}],"author":[{"embeddable":true,"href":"https:\/\/zjarr.tv\/sq\/wp-json\/wp\/v2\/users\/2013"}],"replies":[{"embeddable":true,"href":"https:\/\/zjarr.tv\/sq\/wp-json\/wp\/v2\/comments?post=108844"}],"version-history":[{"count":0,"href":"https:\/\/zjarr.tv\/sq\/wp-json\/wp\/v2\/posts\/108844\/revisions"}],"wp:featuredmedia":[{"embeddable":true,"href":"https:\/\/zjarr.tv\/sq\/wp-json\/wp\/v2\/media\/108847"}],"wp:attachment":[{"href":"https:\/\/zjarr.tv\/sq\/wp-json\/wp\/v2\/media?parent=108844"}],"wp:term":[{"taxonomy":"category","embeddable":true,"href":"https:\/\/zjarr.tv\/sq\/wp-json\/wp\/v2\/categories?post=108844"},{"taxonomy":"post_tag","embeddable":true,"href":"https:\/\/zjarr.tv\/sq\/wp-json\/wp\/v2\/tags?post=108844"}],"curies":[{"name":"wp","href":"https:\/\/api.w.org\/{rel}","templated":true}]}}