{"id":108857,"date":"2019-09-25T13:33:53","date_gmt":"2019-09-25T11:33:53","guid":{"rendered":"https:\/\/zjarr.tv\/?p=108857"},"modified":"2019-09-25T13:33:53","modified_gmt":"2019-09-25T11:33:53","slug":"rama-takon-presidentin-amerikan-donald-trump","status":"publish","type":"post","link":"https:\/\/zjarr.tv\/sq\/rama-takon-presidentin-amerikan-donald-trump\/","title":{"rendered":"Rama takon Presidentin Amerikan, Donald Trump"},"content":{"rendered":"<p>Kryeministri Edi Rama takon n\u00eb New York, Presidentin amerikan Donald Trump. Rama ka postuar foton n\u00eb rrjetet sociale, duke e konsideruar si foto e dit\u00ebs.<\/p>\n<p>&nbsp;<\/p>\n<p><iframe loading=\"lazy\" src=\"https:\/\/www.facebook.com\/plugins\/post.php?href=https%3A%2F%2Fwww.facebook.com%2Fedirama.al%2Fposts%2F10157014969616523&amp;width=500\" width=\"500\" height=\"495\" frameborder=\"0\" scrolling=\"no\" data-mce-fragment=\"1\"><\/iframe><\/p>\n<p>N\u00eb foto \u00e7ifti Rama \u00ebsht\u00eb fotografuar pran\u00eb presidentit Donald Trump e bashk\u00ebshortes s\u00eb tij Melania.<\/p>\n","protected":false},"excerpt":{"rendered":"<p>Kryeministri Edi Rama takon n\u00eb New York, Presidentin amerikan Donald Trump. Rama ka postuar foton n\u00eb rrjetet sociale, duke e konsideruar si foto e dit\u00ebs. &nbsp; N\u00eb foto \u00e7ifti Rama \u00ebsht\u00eb fotografuar pran\u00eb presidentit Donald Trump e bashk\u00ebshortes s\u00eb tij Melania.<\/p>\n","protected":false},"author":2013,"featured_media":108867,"comment_status":"open","ping_status":"closed","sticky":false,"template":"","format":"standard","meta":{"footnotes":""},"categories":[241,235],"tags":[],"class_list":{"0":"post-108857","1":"post","2":"type-post","3":"status-publish","4":"format-standard","5":"has-post-thumbnail","7":"category-aktualitet","8":"category-vendi"},"_links":{"self":[{"href":"https:\/\/zjarr.tv\/sq\/wp-json\/wp\/v2\/posts\/108857","targetHints":{"allow":["GET"]}}],"collection":[{"href":"https:\/\/zjarr.tv\/sq\/wp-json\/wp\/v2\/posts"}],"about":[{"href":"https:\/\/zjarr.tv\/sq\/wp-json\/wp\/v2\/types\/post"}],"author":[{"embeddable":true,"href":"https:\/\/zjarr.tv\/sq\/wp-json\/wp\/v2\/users\/2013"}],"replies":[{"embeddable":true,"href":"https:\/\/zjarr.tv\/sq\/wp-json\/wp\/v2\/comments?post=108857"}],"version-history":[{"count":0,"href":"https:\/\/zjarr.tv\/sq\/wp-json\/wp\/v2\/posts\/108857\/revisions"}],"wp:featuredmedia":[{"embeddable":true,"href":"https:\/\/zjarr.tv\/sq\/wp-json\/wp\/v2\/media\/108867"}],"wp:attachment":[{"href":"https:\/\/zjarr.tv\/sq\/wp-json\/wp\/v2\/media?parent=108857"}],"wp:term":[{"taxonomy":"category","embeddable":true,"href":"https:\/\/zjarr.tv\/sq\/wp-json\/wp\/v2\/categories?post=108857"},{"taxonomy":"post_tag","embeddable":true,"href":"https:\/\/zjarr.tv\/sq\/wp-json\/wp\/v2\/tags?post=108857"}],"curies":[{"name":"wp","href":"https:\/\/api.w.org\/{rel}","templated":true}]}}