{"id":108865,"date":"2019-09-25T13:32:35","date_gmt":"2019-09-25T11:32:35","guid":{"rendered":"https:\/\/zjarr.tv\/?p=108865"},"modified":"2019-09-25T13:32:35","modified_gmt":"2019-09-25T11:32:35","slug":"sinjale-te-pastra-dialogu-gjiknuri-flet-pas-konferences-se-osbe-dhe-tregon-mangesite-e-spektrit-politik","status":"publish","type":"post","link":"https:\/\/zjarr.tv\/sq\/sinjale-te-pastra-dialogu-gjiknuri-flet-pas-konferences-se-osbe-dhe-tregon-mangesite-e-spektrit-politik\/","title":{"rendered":"\u201cSinjale t\u00eb pastra dialogu\u201d, Gjiknuri flet pas konferenc\u00ebs s\u00eb OSBE dhe tregon mang\u00ebsit\u00eb e spektrit politik"},"content":{"rendered":"<p>Bashk\u00ebkryetari i Komisionit t\u00eb Reform\u00ebs n\u00eb Zgjedhore, Damian Gjiknuri ka folur p\u00ebr mediat pasi doli nga konferenca e cila u thirr nga OSBE-ja dhe pjes\u00ebnarr\u00ebse ishin t\u00eb gjitha subjektet politike, p\u00ebrfshir\u00eb edhe PD. Ai tha se vendimi i PD-s\u00eb dhe opozit\u00ebs p\u00ebr t\u00eb marr\u00eb pjes\u00eb n\u00eb k\u00ebt\u00eb konferenc\u00eb \u00ebsht\u00eb sinjal i qart\u00eb dhe i past\u00ebr dialogu mes pal\u00ebve.<\/p>\n<p>Ai kritikoi ashp\u00ebr spektrin politik n\u00eb Shqip\u00ebri, ku shtoi se problemi kryesor i tyre \u00ebsht\u00eb fakti se nuk din\u00eb t\u00eb respektojn\u00eb rregullat brenda sistemit.<\/p>\n<p>\u201cOpozita brenda parlamentit \u00ebsht\u00eb aty, ashtu si\u00e7 e tha edhe Hajdari se largimi \u00a0ka qen\u00eb nj\u00eb \u00e7\u00ebshtje emocionale. Un\u00eb e kuptoj s tensionin q\u00eb kan\u00eb opozita brenda dhe jasht\u00ebparlamentare. Tryeza \u00ebsht\u00eb\u00a0 sinjali i par\u00eb i dialogut mes pal\u00ebve. Mesazhi doli i qart\u00eb se PD\u00a0 ka vijuar interesimin. Ne duhet t\u00eb k\u00ebrkojm\u00eb dialog nga t\u00eb gjitha pal\u00ebt. Vet\u00eb Parlamenti ka marr\u00eb parasysh edhe elementin e opozit\u00ebs jasht\u00ebparlamentare. Nd\u00ebrkomb\u00ebtar\u00ebt jan\u00eb pjes\u00eb e k\u00ebtij procesi dhe jam i bindur se edhe pjes\u00ebmarrje PD \u00ebsht\u00eb shenj\u00eb pozitive. Un\u00eb e thash\u00eb se mekanizma\u00a0 jasht\u00eb sistemit parlamentar \u00ebsht\u00eb e v\u00ebshtir\u00eb t\u00eb ket\u00eb, sepse reforma do t\u00eb votohet\u00a0 n\u00eb kuvend. Un\u00eb aty p\u00ebrfaq\u00ebsoj interesat e PS. \u00a0Un\u00eb kam b\u00ebr\u00eb nj\u00eb ofert\u00eb se n\u00ebse PD b\u00ebhet pjes\u00eb e komisionit, un\u00eb jam i gatshm\u00eb ta ri-shoh pozicionin tim n\u00eb bashk\u00ebbisedim me kryetarin tim. T\u00eb gjitha pal\u00ebt akuzohen, kushdo q\u00eb ka pushtet ka akuza. Ambasadori u shpreh i zhg\u00ebnjyer me sjelljen. Aktor\u00ebt nuk din\u00eb t\u00eb luajn\u00eb me rregullat e sistemit. Jemi duke diskutuat k\u00ebt\u00eb \u00e7\u00ebshtje, ju si\u00e7 e pat\u00eb edhe nga ekspert\u00eb, \u00e7do parti ka nj\u00eb q\u00ebndrim ndryshe n\u00eb lidhje me sistemin\u201d-tha ai.<\/p>\n","protected":false},"excerpt":{"rendered":"<p>Bashk\u00ebkryetari i Komisionit t\u00eb Reform\u00ebs n\u00eb Zgjedhore, Damian Gjiknuri ka folur p\u00ebr mediat pasi doli nga konferenca e cila u thirr nga OSBE-ja dhe pjes\u00ebnarr\u00ebse ishin t\u00eb gjitha subjektet politike, p\u00ebrfshir\u00eb edhe PD. Ai tha se vendimi i PD-s\u00eb dhe opozit\u00ebs p\u00ebr t\u00eb marr\u00eb pjes\u00eb n\u00eb k\u00ebt\u00eb konferenc\u00eb \u00ebsht\u00eb sinjal i qart\u00eb dhe i past\u00ebr [&hellip;]<\/p>\n","protected":false},"author":2013,"featured_media":51870,"comment_status":"open","ping_status":"closed","sticky":false,"template":"","format":"standard","meta":{"footnotes":""},"categories":[241,235],"tags":[],"class_list":{"0":"post-108865","1":"post","2":"type-post","3":"status-publish","4":"format-standard","5":"has-post-thumbnail","7":"category-aktualitet","8":"category-vendi"},"_links":{"self":[{"href":"https:\/\/zjarr.tv\/sq\/wp-json\/wp\/v2\/posts\/108865","targetHints":{"allow":["GET"]}}],"collection":[{"href":"https:\/\/zjarr.tv\/sq\/wp-json\/wp\/v2\/posts"}],"about":[{"href":"https:\/\/zjarr.tv\/sq\/wp-json\/wp\/v2\/types\/post"}],"author":[{"embeddable":true,"href":"https:\/\/zjarr.tv\/sq\/wp-json\/wp\/v2\/users\/2013"}],"replies":[{"embeddable":true,"href":"https:\/\/zjarr.tv\/sq\/wp-json\/wp\/v2\/comments?post=108865"}],"version-history":[{"count":0,"href":"https:\/\/zjarr.tv\/sq\/wp-json\/wp\/v2\/posts\/108865\/revisions"}],"wp:featuredmedia":[{"embeddable":true,"href":"https:\/\/zjarr.tv\/sq\/wp-json\/wp\/v2\/media\/51870"}],"wp:attachment":[{"href":"https:\/\/zjarr.tv\/sq\/wp-json\/wp\/v2\/media?parent=108865"}],"wp:term":[{"taxonomy":"category","embeddable":true,"href":"https:\/\/zjarr.tv\/sq\/wp-json\/wp\/v2\/categories?post=108865"},{"taxonomy":"post_tag","embeddable":true,"href":"https:\/\/zjarr.tv\/sq\/wp-json\/wp\/v2\/tags?post=108865"}],"curies":[{"name":"wp","href":"https:\/\/api.w.org\/{rel}","templated":true}]}}