{"id":108878,"date":"2019-09-25T13:51:42","date_gmt":"2019-09-25T11:51:42","guid":{"rendered":"https:\/\/zjarr.tv\/?p=108878"},"modified":"2019-09-25T13:51:42","modified_gmt":"2019-09-25T11:51:42","slug":"ballkani-arene-gjeostrategjish","status":"publish","type":"post","link":"https:\/\/zjarr.tv\/sq\/ballkani-arene-gjeostrategjish\/","title":{"rendered":"Ballkani, aren\u00eb gjeostrategjish"},"content":{"rendered":"<p>N\u00eb Durr\u00ebs po mbahet takimi i vendeve an\u00ebtar\u00eb t\u00eb Kart\u00ebs s\u00eb Adriatikut, ku i pranish\u00ebm \u00ebsht\u00eb z\u00ebvend\u00ebs Komandantit t\u00eb Komand\u00ebs s\u00eb Shteteve t\u00eb Bashkuara n\u00eb Europ\u00eb.<\/p>\n<p>Ministrja Shqiptare e Mbrotjes duke e theksuar se Ballkani mbetet ende aren\u00eb e p\u00ebrplasjeve gjeostrategjike tha se an\u00ebtar\u00ebsimi i plot\u00eb n\u00eb strukturat euroatlantike \u00ebsht\u00eb m\u00ebnyra m\u00eb e mir\u00eb p\u00ebr tu b\u00ebr\u00eb ball\u00eb.<\/p>\n<p>Shqip\u00ebria nd\u00ebrkoh\u00eb propozoi zgjerimin e Kart\u00ebs s\u00eb Adriatikut dhe p\u00ebrfaq\u00ebsimin me mision t\u00eb p\u00ebrbashk\u00ebt n\u00eb Irak.<\/p>\n","protected":false},"excerpt":{"rendered":"<p>N\u00eb Durr\u00ebs po mbahet takimi i vendeve an\u00ebtar\u00eb t\u00eb Kart\u00ebs s\u00eb Adriatikut, ku i pranish\u00ebm \u00ebsht\u00eb z\u00ebvend\u00ebs Komandantit t\u00eb Komand\u00ebs s\u00eb Shteteve t\u00eb Bashkuara n\u00eb Europ\u00eb. Ministrja Shqiptare e Mbrotjes duke e theksuar se Ballkani mbetet ende aren\u00eb e p\u00ebrplasjeve gjeostrategjike tha se an\u00ebtar\u00ebsimi i plot\u00eb n\u00eb strukturat euroatlantike \u00ebsht\u00eb m\u00ebnyra m\u00eb e mir\u00eb p\u00ebr [&hellip;]<\/p>\n","protected":false},"author":2013,"featured_media":108881,"comment_status":"open","ping_status":"closed","sticky":false,"template":"","format":"standard","meta":{"footnotes":""},"categories":[241,235],"tags":[],"class_list":{"0":"post-108878","1":"post","2":"type-post","3":"status-publish","4":"format-standard","5":"has-post-thumbnail","7":"category-aktualitet","8":"category-vendi"},"_links":{"self":[{"href":"https:\/\/zjarr.tv\/sq\/wp-json\/wp\/v2\/posts\/108878","targetHints":{"allow":["GET"]}}],"collection":[{"href":"https:\/\/zjarr.tv\/sq\/wp-json\/wp\/v2\/posts"}],"about":[{"href":"https:\/\/zjarr.tv\/sq\/wp-json\/wp\/v2\/types\/post"}],"author":[{"embeddable":true,"href":"https:\/\/zjarr.tv\/sq\/wp-json\/wp\/v2\/users\/2013"}],"replies":[{"embeddable":true,"href":"https:\/\/zjarr.tv\/sq\/wp-json\/wp\/v2\/comments?post=108878"}],"version-history":[{"count":0,"href":"https:\/\/zjarr.tv\/sq\/wp-json\/wp\/v2\/posts\/108878\/revisions"}],"wp:featuredmedia":[{"embeddable":true,"href":"https:\/\/zjarr.tv\/sq\/wp-json\/wp\/v2\/media\/108881"}],"wp:attachment":[{"href":"https:\/\/zjarr.tv\/sq\/wp-json\/wp\/v2\/media?parent=108878"}],"wp:term":[{"taxonomy":"category","embeddable":true,"href":"https:\/\/zjarr.tv\/sq\/wp-json\/wp\/v2\/categories?post=108878"},{"taxonomy":"post_tag","embeddable":true,"href":"https:\/\/zjarr.tv\/sq\/wp-json\/wp\/v2\/tags?post=108878"}],"curies":[{"name":"wp","href":"https:\/\/api.w.org\/{rel}","templated":true}]}}