{"id":108883,"date":"2019-09-25T14:13:30","date_gmt":"2019-09-25T12:13:30","guid":{"rendered":"https:\/\/zjarr.tv\/?p=108883"},"modified":"2019-09-25T14:13:30","modified_gmt":"2019-09-25T12:13:30","slug":"qelloi-ne-ajer-me-arme-zjarri-arrestohet-51-vjecari-ne-patos","status":"publish","type":"post","link":"https:\/\/zjarr.tv\/sq\/qelloi-ne-ajer-me-arme-zjarri-arrestohet-51-vjecari-ne-patos\/","title":{"rendered":"Q\u00eblloi n\u00eb aj\u00ebr me arm\u00eb zjarri, arrestohet 51-vje\u00e7ari n\u00eb Patos"},"content":{"rendered":"<p>Policia ka arrestuar nj\u00eb 51-vje\u00e7ar q\u00eb q\u00eblloi n\u00eb aj\u00ebr me arm\u00eb zjarr pran\u00eb magazin\u00ebs s\u00eb tij n\u00eb Patos.<\/p>\n<p>Ngjarja ndodhi n\u00eb or\u00ebt e vona t\u00eb mbr\u00ebmjes s\u00eb t\u00eb mart\u00ebs. Pasi d\u00ebgjuan t\u00eb sht\u00ebnat me arm\u00eb, banor\u00ebt njoftuan policin\u00eb q\u00eb shkoi n\u00eb vendngjarje dhe arrestoi shtetasin me iniciale 51 vje\u00e7, banues n\u00eb Fier.<\/p>\n<p>Gjat\u00eb kontrollit t\u00eb policis\u00eb n\u00eb magazin\u00ebn e tij u gjet 1 arm\u00eb zjarri pushk\u00eb dhe 3 kreh\u00ebra me fishek\u00eb.<\/p>\n<p><em>&#8220;Sh\u00ebrbimet e Policis\u00eb pas telefonat\u00ebs s\u00eb marr\u00eb se n\u00eb or\u00ebt e vona t\u00eb mbr\u00ebmjes jan\u00eb d\u00ebgjuar t\u00eb sht\u00ebna me arm\u00eb zjarri, kan\u00eb shkuar menj\u00ebher\u00eb n\u00eb vendngjarje dhe b\u00ebr\u00eb t\u00eb mundur identifikimin, kapjen dhe arrestimin e shtetasit \u00a0A.B., 51 vje\u00e7, banues n\u00eb Fier,<\/em>&#8220;-raportoi policia.<\/p>\n<p>Materialet i kaluan Prokuroris\u00eb pran\u00eb Gjykat\u00ebs s\u00eb Shkall\u00ebs s\u00eb Par\u00eb Fier, p\u00ebr veprat penale &#8220;Mbajtja pa leje e arm\u00ebve dhe municionit luftarak&#8221; dhe &#8220;Prishja e qet\u00ebsis\u00eb publike&#8221;.<\/p>\n","protected":false},"excerpt":{"rendered":"<p>Policia ka arrestuar nj\u00eb 51-vje\u00e7ar q\u00eb q\u00eblloi n\u00eb aj\u00ebr me arm\u00eb zjarr pran\u00eb magazin\u00ebs s\u00eb tij n\u00eb Patos. Ngjarja ndodhi n\u00eb or\u00ebt e vona t\u00eb mbr\u00ebmjes s\u00eb t\u00eb mart\u00ebs. Pasi d\u00ebgjuan t\u00eb sht\u00ebnat me arm\u00eb, banor\u00ebt njoftuan policin\u00eb q\u00eb shkoi n\u00eb vendngjarje dhe arrestoi shtetasin me iniciale 51 vje\u00e7, banues n\u00eb Fier. Gjat\u00eb kontrollit t\u00eb [&hellip;]<\/p>\n","protected":false},"author":2013,"featured_media":108886,"comment_status":"open","ping_status":"closed","sticky":false,"template":"","format":"standard","meta":{"footnotes":""},"categories":[241,235],"tags":[],"class_list":{"0":"post-108883","1":"post","2":"type-post","3":"status-publish","4":"format-standard","5":"has-post-thumbnail","7":"category-aktualitet","8":"category-vendi"},"_links":{"self":[{"href":"https:\/\/zjarr.tv\/sq\/wp-json\/wp\/v2\/posts\/108883","targetHints":{"allow":["GET"]}}],"collection":[{"href":"https:\/\/zjarr.tv\/sq\/wp-json\/wp\/v2\/posts"}],"about":[{"href":"https:\/\/zjarr.tv\/sq\/wp-json\/wp\/v2\/types\/post"}],"author":[{"embeddable":true,"href":"https:\/\/zjarr.tv\/sq\/wp-json\/wp\/v2\/users\/2013"}],"replies":[{"embeddable":true,"href":"https:\/\/zjarr.tv\/sq\/wp-json\/wp\/v2\/comments?post=108883"}],"version-history":[{"count":0,"href":"https:\/\/zjarr.tv\/sq\/wp-json\/wp\/v2\/posts\/108883\/revisions"}],"wp:featuredmedia":[{"embeddable":true,"href":"https:\/\/zjarr.tv\/sq\/wp-json\/wp\/v2\/media\/108886"}],"wp:attachment":[{"href":"https:\/\/zjarr.tv\/sq\/wp-json\/wp\/v2\/media?parent=108883"}],"wp:term":[{"taxonomy":"category","embeddable":true,"href":"https:\/\/zjarr.tv\/sq\/wp-json\/wp\/v2\/categories?post=108883"},{"taxonomy":"post_tag","embeddable":true,"href":"https:\/\/zjarr.tv\/sq\/wp-json\/wp\/v2\/tags?post=108883"}],"curies":[{"name":"wp","href":"https:\/\/api.w.org\/{rel}","templated":true}]}}