{"id":108889,"date":"2019-09-25T14:59:33","date_gmt":"2019-09-25T12:59:33","guid":{"rendered":"https:\/\/zjarr.tv\/?p=108889"},"modified":"2019-09-25T14:59:33","modified_gmt":"2019-09-25T12:59:33","slug":"sinjale-per-pakt-te-fshehte-rama-basha-zyrtari-i-pd-nese-do-te-ishte-e-vertete-reforma-zgjedhore-do-te","status":"publish","type":"post","link":"https:\/\/zjarr.tv\/sq\/sinjale-per-pakt-te-fshehte-rama-basha-zyrtari-i-pd-nese-do-te-ishte-e-vertete-reforma-zgjedhore-do-te\/","title":{"rendered":"Sinjale p\u00ebr pakt t\u00eb fsheht\u00eb Rama-Basha? Zyrtari i PD: N\u00ebse do t\u00eb ishte e v\u00ebrtet\u00eb, Reforma Zgjedhore do t\u00eb\u2026"},"content":{"rendered":"<p>Vendimi i opozit\u00ebs s\u00eb bashkuar p\u00ebr t\u00eb marr\u00eb pjes\u00eb sot n\u00eb tryez\u00ebn e Reform\u00ebs Zgjedhore, ku e pranishme ishte edhe OSBE, ka ngjallur reagime t\u00eb shumta politike. Opozita parlamentare e ka par\u00eb k\u00ebt\u00eb rikthim t\u00eb opozit\u00ebs joparlamentare n\u00eb tryez\u00ebn e diskutimit si nj\u00eb sinjal p\u00ebr dialog apo marr\u00ebveshje t\u00eb fsheht\u00eb t\u00eb Partis\u00eb Demokratike me Partin\u00eb Socialiste.<\/p>\n<p>Lidhur me k\u00ebt\u00eb, Sekretari p\u00ebr \u00c7\u00ebshtjet Zgjedhore n\u00eb PD, Ivi Kaso, sqaroi n\u00eb rubrik\u00ebn \u201cOpinion\u201d, n\u00eb News24, se nuk ka asnj\u00eb sinjal p\u00ebr pakt t\u00eb fsheht\u00eb politik dhe se di\u00e7ka e till\u00eb nuk do t\u00eb ndodh\u00eb.<\/p>\n<p>\u201cPrania ime atje ishte p\u00ebrgjigje pozitive e ftes\u00ebs s\u00eb partner\u00ebve nd\u00ebrkomb\u00ebtar\u00eb. \u00cbsht\u00eb tregues i mir\u00ebnjohjes p\u00ebr p\u00ebrpjekjet e vazhdueshme t\u00eb nd\u00ebrkomb\u00ebtar\u00ebve n\u00eb procesin e funksionimit t\u00eb demokracis\u00eb n\u00eb Shqip\u00ebri. Ne kemi shkuar n\u00eb tryez\u00eb, n\u00eb m\u00ebnyr\u00eb q\u00eb t\u00eb plot\u00ebsohet kushti p\u00ebr integrimin. Nuk shoh n\u00eb asnj\u00eb moment t\u00eb q\u00ebndrimit t\u00eb opozit\u00ebs ndonj\u00eb sinjal q\u00eb do t\u00eb v\u00ebrtetonte nj\u00eb hipotez\u00eb t\u00eb till\u00eb. N\u00ebse do kishte nj\u00eb marr\u00ebveshje t\u00eb till\u00eb, Reforma Zgjedhore do t\u00eb ishte b\u00ebr\u00eb n\u00eb let\u00ebr dhe do ishte shitur nga qeveria si nj\u00eb hap i madh p\u00ebrpara. Nj\u00eb gj\u00eb e till\u00eb nuk ka ndodhur dhe nuk do t\u00eb ndodh\u00eb, pasi opozita e bashkuar nuk b\u00ebhet fasad\u00eb\u201d, theksoi Kaso.<\/p>\n<p>M\u00eb tej, Kaso vler\u00ebsoi tryez\u00ebn e mbledhur sot, duke th\u00ebn\u00eb se \u00ebsht\u00eb nj\u00eb hap i par\u00eb n\u00eb drejtimin e duhur.<\/p>\n<p>\u201cDo e vler\u00ebsoja si nj\u00eb hap i par\u00eb n\u00eb drejtimin e duhur. Diskutimi i hapur dhe shpalosja e q\u00ebndrimeve i sh\u00ebrben nj\u00eb ecurie t\u00eb m\u00ebtejshme. Reforma Zgjedhore \u00ebsht\u00eb tejet e r\u00ebnd\u00ebsishme. Sa m\u00eb par\u00eb t\u00eb nis\u00eb puna p\u00ebr identifikimin e problemeve t\u00eb zgjedhjeve, aq m\u00eb shpejt do p\u00ebrmbushen standardet p\u00ebr zgjedhje t\u00eb lira. Ne kemi k\u00ebrkuar gjithmon\u00eb garantim t\u00eb rregullave t\u00eb barabarta p\u00ebr t\u00eb gjith\u00eb\u201d, shtoi ai.<\/p>\n","protected":false},"excerpt":{"rendered":"<p>Vendimi i opozit\u00ebs s\u00eb bashkuar p\u00ebr t\u00eb marr\u00eb pjes\u00eb sot n\u00eb tryez\u00ebn e Reform\u00ebs Zgjedhore, ku e pranishme ishte edhe OSBE, ka ngjallur reagime t\u00eb shumta politike. Opozita parlamentare e ka par\u00eb k\u00ebt\u00eb rikthim t\u00eb opozit\u00ebs joparlamentare n\u00eb tryez\u00ebn e diskutimit si nj\u00eb sinjal p\u00ebr dialog apo marr\u00ebveshje t\u00eb fsheht\u00eb t\u00eb Partis\u00eb Demokratike me Partin\u00eb [&hellip;]<\/p>\n","protected":false},"author":2013,"featured_media":0,"comment_status":"open","ping_status":"closed","sticky":false,"template":"","format":"standard","meta":{"footnotes":""},"categories":[241,235],"tags":[],"class_list":{"0":"post-108889","1":"post","2":"type-post","3":"status-publish","4":"format-standard","6":"category-aktualitet","7":"category-vendi"},"_links":{"self":[{"href":"https:\/\/zjarr.tv\/sq\/wp-json\/wp\/v2\/posts\/108889","targetHints":{"allow":["GET"]}}],"collection":[{"href":"https:\/\/zjarr.tv\/sq\/wp-json\/wp\/v2\/posts"}],"about":[{"href":"https:\/\/zjarr.tv\/sq\/wp-json\/wp\/v2\/types\/post"}],"author":[{"embeddable":true,"href":"https:\/\/zjarr.tv\/sq\/wp-json\/wp\/v2\/users\/2013"}],"replies":[{"embeddable":true,"href":"https:\/\/zjarr.tv\/sq\/wp-json\/wp\/v2\/comments?post=108889"}],"version-history":[{"count":0,"href":"https:\/\/zjarr.tv\/sq\/wp-json\/wp\/v2\/posts\/108889\/revisions"}],"wp:attachment":[{"href":"https:\/\/zjarr.tv\/sq\/wp-json\/wp\/v2\/media?parent=108889"}],"wp:term":[{"taxonomy":"category","embeddable":true,"href":"https:\/\/zjarr.tv\/sq\/wp-json\/wp\/v2\/categories?post=108889"},{"taxonomy":"post_tag","embeddable":true,"href":"https:\/\/zjarr.tv\/sq\/wp-json\/wp\/v2\/tags?post=108889"}],"curies":[{"name":"wp","href":"https:\/\/api.w.org\/{rel}","templated":true}]}}