{"id":108897,"date":"2019-09-25T15:20:52","date_gmt":"2019-09-25T13:20:52","guid":{"rendered":"https:\/\/zjarr.tv\/?p=108897"},"modified":"2019-09-25T15:20:52","modified_gmt":"2019-09-25T13:20:52","slug":"negociatat-pa-asnje-kusht-cdu-csu-i-hap-driten-jeshile-maqedonise-se-veriut","status":"publish","type":"post","link":"https:\/\/zjarr.tv\/sq\/negociatat-pa-asnje-kusht-cdu-csu-i-hap-driten-jeshile-maqedonise-se-veriut\/","title":{"rendered":"Negociatat, pa asnj\u00eb kusht, CDU\/CSU i hap drit\u00ebn jeshile Maqedonis\u00eb s\u00eb Veriut"},"content":{"rendered":"<p>Partia e Kancelares Angela Merkel CDU\/CSU i ka hapur drit\u00ebn jeshile Maqedonis\u00eb s\u00eb Veriut p\u00ebr integrimin n\u00eb Bashkimin Evropian. CDU\/CSU i ka b\u00ebr\u00eb k\u00ebrkes\u00eb Bundestagut gjerman t\u00eb hap\u00eb negociatat me Maqedonin\u00eb e Veriut.<\/p>\n<p>E ve\u00e7ant\u00eb e k\u00ebtij dokumenti \u00ebsht\u00eb se nuk permendet asnj\u00eb kusht p\u00ebr shtetin fqinj me Shqip\u00ebrin\u00eb. Nd\u00ebrkoh\u00eb p\u00ebr qeverin\u00eb e Edi Ram\u00ebs kushtet nga 5 q\u00eb ishin nj\u00eb vit m\u00eb par\u00eb u b\u00ebn\u00eb 9 k\u00ebt\u00eb vit.<\/p>\n","protected":false},"excerpt":{"rendered":"<p>Partia e Kancelares Angela Merkel CDU\/CSU i ka hapur drit\u00ebn jeshile Maqedonis\u00eb s\u00eb Veriut p\u00ebr integrimin n\u00eb Bashkimin Evropian. CDU\/CSU i ka b\u00ebr\u00eb k\u00ebrkes\u00eb Bundestagut gjerman t\u00eb hap\u00eb negociatat me Maqedonin\u00eb e Veriut. E ve\u00e7ant\u00eb e k\u00ebtij dokumenti \u00ebsht\u00eb se nuk permendet asnj\u00eb kusht p\u00ebr shtetin fqinj me Shqip\u00ebrin\u00eb. Nd\u00ebrkoh\u00eb p\u00ebr qeverin\u00eb e Edi Ram\u00ebs [&hellip;]<\/p>\n","protected":false},"author":2013,"featured_media":85725,"comment_status":"open","ping_status":"closed","sticky":false,"template":"","format":"standard","meta":{"footnotes":""},"categories":[241,235],"tags":[],"class_list":{"0":"post-108897","1":"post","2":"type-post","3":"status-publish","4":"format-standard","5":"has-post-thumbnail","7":"category-aktualitet","8":"category-vendi"},"_links":{"self":[{"href":"https:\/\/zjarr.tv\/sq\/wp-json\/wp\/v2\/posts\/108897","targetHints":{"allow":["GET"]}}],"collection":[{"href":"https:\/\/zjarr.tv\/sq\/wp-json\/wp\/v2\/posts"}],"about":[{"href":"https:\/\/zjarr.tv\/sq\/wp-json\/wp\/v2\/types\/post"}],"author":[{"embeddable":true,"href":"https:\/\/zjarr.tv\/sq\/wp-json\/wp\/v2\/users\/2013"}],"replies":[{"embeddable":true,"href":"https:\/\/zjarr.tv\/sq\/wp-json\/wp\/v2\/comments?post=108897"}],"version-history":[{"count":0,"href":"https:\/\/zjarr.tv\/sq\/wp-json\/wp\/v2\/posts\/108897\/revisions"}],"wp:featuredmedia":[{"embeddable":true,"href":"https:\/\/zjarr.tv\/sq\/wp-json\/wp\/v2\/media\/85725"}],"wp:attachment":[{"href":"https:\/\/zjarr.tv\/sq\/wp-json\/wp\/v2\/media?parent=108897"}],"wp:term":[{"taxonomy":"category","embeddable":true,"href":"https:\/\/zjarr.tv\/sq\/wp-json\/wp\/v2\/categories?post=108897"},{"taxonomy":"post_tag","embeddable":true,"href":"https:\/\/zjarr.tv\/sq\/wp-json\/wp\/v2\/tags?post=108897"}],"curies":[{"name":"wp","href":"https:\/\/api.w.org\/{rel}","templated":true}]}}