{"id":108903,"date":"2019-09-25T15:23:00","date_gmt":"2019-09-25T13:23:00","guid":{"rendered":"https:\/\/zjarr.tv\/?p=108903"},"modified":"2019-09-25T15:23:08","modified_gmt":"2019-09-25T13:23:08","slug":"hahn-e-mirepret-vendimin-qe-te-votohet-rreth-liberalizimit-te-vizave-per-kosoven","status":"publish","type":"post","link":"https:\/\/zjarr.tv\/sq\/hahn-e-mirepret-vendimin-qe-te-votohet-rreth-liberalizimit-te-vizave-per-kosoven\/","title":{"rendered":"Hahn e mir\u00ebpret vendimin q\u00eb t\u00eb votohet rreth liberalizimit t\u00eb vizave p\u00ebr Kosov\u00ebn"},"content":{"rendered":"<p><strong>Komisioneri Europian p\u00ebr Zgjerim dhe Politik\u00eb Fqinj\u00ebsore, Johannes Hahn, ka th\u00ebn\u00eb se e mir\u00ebpret rikonfirmimin e votimin pro liberalizimit t\u00eb vizave p\u00ebr Kosov\u00ebn nga Parlamentin Europian.<\/strong><\/p>\n<p>Parlamenti Europian rikonfirmon mb\u00ebshtetjen p\u00ebr liberalizimin e vizave p\u00ebr kosovar\u00ebt, pothuajse gjysm\u00eb viti q\u00ebkur liberalizimi i vizave p\u00ebr qytetar\u00ebt e Kosov\u00ebs u p\u00ebrmend p\u00ebr her\u00eb t\u00eb fundit n\u00eb organet m\u00eb t\u00eb larta t\u00eb BE\u2019s\u00eb, dje m\u00eb 24 shtator, Komiteti i Parlamentit Evropian p\u00ebr Lirit\u00eb Civile ka votuar pro liberalizimit t\u00eb vizave p\u00ebr qytetar\u00ebt e Kosov\u00ebs.<\/p>\n<p>Hahn ka th\u00ebn\u00eb se pas rekomandimit, mir\u00ebpret negociatat me K\u00ebshillin Europian p\u00ebr heqjen e vizave p\u00ebr Kosov\u00ebn.<\/p>\n<p>Votimi ka ndodhur pavar\u00ebsisht kund\u00ebrshtimit nga disa shtete an\u00ebtare t\u00eb BE\u2019s\u00eb, n\u00eb ve\u00e7anti, ato q\u00eb akoma nuk e kan\u00eb njohur Kosov\u00ebn si nj\u00eb vend t\u00eb pavarura.<\/p>\n<p>49 an\u00ebtar\u00eb t\u00eb k\u00ebtij komiteti votuan p\u00ebr t\u00eb filluar bisedimet me K\u00ebshillin Europian, aprovimi i t\u00eb cilit \u00ebsht\u00eb hapi i fundit q\u00eb duhet nd\u00ebrmarr\u00eb n\u00eb m\u00ebnyr\u00eb q\u00eb qytetar\u00ebt e Kosov\u00ebs t\u00eb mund t\u00eb udh\u00ebtojn\u00eb pa viza n\u00eb vendet an\u00ebtare t\u00eb Zon\u00ebs Shengen.<\/p>\n<p>Kjo \u00ebsht\u00eb hera e tret\u00eb p\u00ebr k\u00ebt\u00eb vit q\u00eb Parlamenti Europian po voton p\u00ebr t\u00eb filluar bisedimet me K\u00ebshillin e BE-s\u00eb p\u00ebr Kosov\u00ebn. Ky i fundit ka refuzuar t\u00eb nis negociatat p\u00ebr shkak t\u00eb kund\u00ebrshtimit t\u00eb disa an\u00ebtar\u00ebve t\u00eb BE-s\u00eb p\u00ebrfshir\u00eb Qipron, Greqin\u00eb, Rumanin\u00eb, Sllovakin\u00eb dhe Spanj\u00ebn, t\u00eb cilat nuk e njohin Kosova si shtet i pavarur, si dhe t\u00eb disa shteteve t\u00eb tjera q\u00eb kan\u00eb frik\u00eb se nj\u00eb val\u00eb e re migrimesh drejt Evrop\u00ebs mund t\u00eb nis\u00eb sapo marr\u00ebveshja e udh\u00ebtimit pa viza me Kosov\u00ebn t\u00eb hyj\u00eb n\u00eb fuqi.<\/p>\n","protected":false},"excerpt":{"rendered":"<p>Komisioneri Europian p\u00ebr Zgjerim dhe Politik\u00eb Fqinj\u00ebsore, Johannes Hahn, ka th\u00ebn\u00eb se e mir\u00ebpret rikonfirmimin e votimin pro liberalizimit t\u00eb vizave p\u00ebr Kosov\u00ebn nga Parlamentin Europian. Parlamenti Europian rikonfirmon mb\u00ebshtetjen p\u00ebr liberalizimin e vizave p\u00ebr kosovar\u00ebt, pothuajse gjysm\u00eb viti q\u00ebkur liberalizimi i vizave p\u00ebr qytetar\u00ebt e Kosov\u00ebs u p\u00ebrmend p\u00ebr her\u00eb t\u00eb fundit n\u00eb organet [&hellip;]<\/p>\n","protected":false},"author":2013,"featured_media":62692,"comment_status":"open","ping_status":"closed","sticky":false,"template":"","format":"standard","meta":{"footnotes":""},"categories":[241,2],"tags":[],"class_list":{"0":"post-108903","1":"post","2":"type-post","3":"status-publish","4":"format-standard","5":"has-post-thumbnail","7":"category-aktualitet","8":"category-rajoni"},"_links":{"self":[{"href":"https:\/\/zjarr.tv\/sq\/wp-json\/wp\/v2\/posts\/108903","targetHints":{"allow":["GET"]}}],"collection":[{"href":"https:\/\/zjarr.tv\/sq\/wp-json\/wp\/v2\/posts"}],"about":[{"href":"https:\/\/zjarr.tv\/sq\/wp-json\/wp\/v2\/types\/post"}],"author":[{"embeddable":true,"href":"https:\/\/zjarr.tv\/sq\/wp-json\/wp\/v2\/users\/2013"}],"replies":[{"embeddable":true,"href":"https:\/\/zjarr.tv\/sq\/wp-json\/wp\/v2\/comments?post=108903"}],"version-history":[{"count":0,"href":"https:\/\/zjarr.tv\/sq\/wp-json\/wp\/v2\/posts\/108903\/revisions"}],"wp:featuredmedia":[{"embeddable":true,"href":"https:\/\/zjarr.tv\/sq\/wp-json\/wp\/v2\/media\/62692"}],"wp:attachment":[{"href":"https:\/\/zjarr.tv\/sq\/wp-json\/wp\/v2\/media?parent=108903"}],"wp:term":[{"taxonomy":"category","embeddable":true,"href":"https:\/\/zjarr.tv\/sq\/wp-json\/wp\/v2\/categories?post=108903"},{"taxonomy":"post_tag","embeddable":true,"href":"https:\/\/zjarr.tv\/sq\/wp-json\/wp\/v2\/tags?post=108903"}],"curies":[{"name":"wp","href":"https:\/\/api.w.org\/{rel}","templated":true}]}}