{"id":108970,"date":"2019-09-25T17:11:58","date_gmt":"2019-09-25T15:11:58","guid":{"rendered":"https:\/\/zjarr.tv\/?p=108970"},"modified":"2019-09-25T17:11:58","modified_gmt":"2019-09-25T15:11:58","slug":"misteret-dhe-dyshimet-per-plagosjen-e-te-fortit-te-fushe-krujes","status":"publish","type":"post","link":"https:\/\/zjarr.tv\/sq\/misteret-dhe-dyshimet-per-plagosjen-e-te-fortit-te-fushe-krujes\/","title":{"rendered":"Misteret dhe dyshimet p\u00ebr plagosjen e t\u00eb \u2018fortit\u2019 t\u00eb Fush\u00eb Kruj\u00ebs"},"content":{"rendered":"<div class=\"readmore-text-here\">\n<p>Mbi 20 persona jan\u00eb shoq\u00ebruar n\u00eb Policin\u00eb e Fush\u00eb Kruj\u00ebs p\u00ebr atentatin ndaj 28-vje\u00e7arit Marklen Haka, por deri m\u00eb tani nuk ka asnj\u00eb t\u00eb arrestuar nga uniformat blu.<\/p>\n<p>Personat e p\u00ebrfshir\u00eb n\u00eb atentat dyshohet se kan\u00eb pasur informatorin e tyre n\u00eb fshatin Zez\u00eb, ku ndodhen edhe an\u00ebtar\u00ebt e fisit Haka.<\/p>\n<p>Policia nuk ka asnj\u00eb t\u00eb ndaluar p\u00ebr atentatin e tipit mafioz n\u00eb drejtim t\u00eb Marklen Hak\u00ebs, t\u00eb ndodhur mbr\u00ebmjen e 21 Shtatorit n\u00eb Nik\u00ebl t\u00eb Fush\u00eb-Kruj\u00ebs.<\/p>\n<div id=\"rekl-13\">\n<div id=\"__sap-ad-15\" class=\"__sap-ads __sap-html tracked\" data-title=\"Credins desktop 08\"><ins><\/p>\n<div id=\"beacon_fa1f7a9eb4\"><img loading=\"lazy\" decoding=\"async\" src=\"https:\/\/ads1.medium.al\/www\/delivery\/lg.php?bannerid=373&amp;campaignid=48&amp;zoneid=182&amp;loc=https%3A%2F%2Fwww.syri.net%2Fkronike%2F282679%2Fmisteret-dhe-dyshimet-per-plagosjen-e-te-fortit-te-fushe-krujes%2F&amp;referer=https%3A%2F%2Fwww.syri.net%2Flajme%2F&amp;cb=fa1f7a9eb4\" alt=\"\" width=\"0\" height=\"0\" \/><\/div>\n<p><\/ins><\/div>\n<\/div>\n<p>Pas ngjarjes u shoq\u00ebruar n\u00eb komisariat mbi 20 persona, t\u00eb cil\u00ebt u lan\u00eb t\u00eb lir\u00eb pas marrjes n\u00eb pyetje.<\/p>\n<p>Grupi hetimor dyshon se plagosja e Marklen Hak\u00ebs ka si motiv hakmarrjen. N\u00eb t\u00eb nj\u00ebjtin atentat mbeti e vrar\u00eb aksidentalisht halla e 28-vje\u00e7arit, q\u00eb ishte p\u00ebr vizit\u00eb te banesa e tij.<\/p>\n<p>Organizator\u00ebt e atentatit, dyshohen se kan\u00eb pasur informatorin e tyre p\u00ebr t\u00eb hyr\u00eb n\u00eb brend\u00ebsi t\u00eb fshatit Zez\u00eb.<\/p>\n<p>Madje banor\u00ebt kan\u00eb deklaruar n\u00eb polici se, pak para se t\u00eb ndodhte plagosja e 28-vje\u00e7arit Haka pran\u00eb ur\u00ebs ishin par\u00eb disa l\u00ebvizje automjetesh e njer\u00ebz t\u00eb panjohur.<\/p>\n<p>Dyshimet jan\u00eb q\u00eb autor\u00ebt e atentatit jan\u00eb vras\u00ebs me pages\u00eb.<\/p>\n<p>Ata e njihnin mir\u00eb terrenin pasi, nuk jan\u00eb larguar nga rrug\u00eb kryesore automobilistike q\u00eb lidh Nikl\u00ebn me Kruj\u00ebn por, kan\u00eb zgjedhur rrug\u00ebn dyt\u00ebsore t\u00eb fshatit Zez\u00eb, duke humbur edhe gjurm\u00ebt.<\/p>\n<p>N\u00eb vendngjarje u sekuestruan mbi 100 g\u00ebzhoja t\u00eb q\u00eblluara nga kat\u00ebr arm\u00eb t\u00eb ndryshme automatike.<\/p>\n<p>Haka ka qen\u00eb i arrestuar m\u00eb her\u00ebt p\u00ebr nj\u00eb vrasje t\u00eb ndodhur n\u00eb Qershor t\u00eb viti 2011 n\u00eb zon\u00ebn e ish-Bllokut n\u00eb Tiran\u00eb, por q\u00eb u lirua p\u00ebr munges\u00eb provash. \u00a0\/AbcNews<\/p>\n<\/div>\n<div id=\"rekl-33\"><\/div>\n","protected":false},"excerpt":{"rendered":"<p>Mbi 20 persona jan\u00eb shoq\u00ebruar n\u00eb Policin\u00eb e Fush\u00eb Kruj\u00ebs p\u00ebr atentatin ndaj 28-vje\u00e7arit Marklen Haka, por deri m\u00eb tani nuk ka asnj\u00eb t\u00eb arrestuar nga uniformat blu. Personat e p\u00ebrfshir\u00eb n\u00eb atentat dyshohet se kan\u00eb pasur informatorin e tyre n\u00eb fshatin Zez\u00eb, ku ndodhen edhe an\u00ebtar\u00ebt e fisit Haka. Policia nuk ka asnj\u00eb t\u00eb [&hellip;]<\/p>\n","protected":false},"author":2013,"featured_media":108990,"comment_status":"open","ping_status":"closed","sticky":false,"template":"","format":"standard","meta":{"footnotes":""},"categories":[241,235],"tags":[],"class_list":{"0":"post-108970","1":"post","2":"type-post","3":"status-publish","4":"format-standard","5":"has-post-thumbnail","7":"category-aktualitet","8":"category-vendi"},"_links":{"self":[{"href":"https:\/\/zjarr.tv\/sq\/wp-json\/wp\/v2\/posts\/108970","targetHints":{"allow":["GET"]}}],"collection":[{"href":"https:\/\/zjarr.tv\/sq\/wp-json\/wp\/v2\/posts"}],"about":[{"href":"https:\/\/zjarr.tv\/sq\/wp-json\/wp\/v2\/types\/post"}],"author":[{"embeddable":true,"href":"https:\/\/zjarr.tv\/sq\/wp-json\/wp\/v2\/users\/2013"}],"replies":[{"embeddable":true,"href":"https:\/\/zjarr.tv\/sq\/wp-json\/wp\/v2\/comments?post=108970"}],"version-history":[{"count":0,"href":"https:\/\/zjarr.tv\/sq\/wp-json\/wp\/v2\/posts\/108970\/revisions"}],"wp:featuredmedia":[{"embeddable":true,"href":"https:\/\/zjarr.tv\/sq\/wp-json\/wp\/v2\/media\/108990"}],"wp:attachment":[{"href":"https:\/\/zjarr.tv\/sq\/wp-json\/wp\/v2\/media?parent=108970"}],"wp:term":[{"taxonomy":"category","embeddable":true,"href":"https:\/\/zjarr.tv\/sq\/wp-json\/wp\/v2\/categories?post=108970"},{"taxonomy":"post_tag","embeddable":true,"href":"https:\/\/zjarr.tv\/sq\/wp-json\/wp\/v2\/tags?post=108970"}],"curies":[{"name":"wp","href":"https:\/\/api.w.org\/{rel}","templated":true}]}}