{"id":109024,"date":"2019-09-26T13:39:48","date_gmt":"2019-09-26T11:39:48","guid":{"rendered":"https:\/\/zjarr.tv\/?p=109024"},"modified":"2019-09-26T13:39:48","modified_gmt":"2019-09-26T11:39:48","slug":"votimi-ne-klgj-medi-bici-do-te-mbroje-gjyqtaret","status":"publish","type":"post","link":"https:\/\/zjarr.tv\/sq\/votimi-ne-klgj-medi-bici-do-te-mbroje-gjyqtaret\/","title":{"rendered":"Votimi n\u00eb KLGJ\/ Medi Bici do t\u00eb mbroj\u00eb gjyqtar\u00ebt"},"content":{"rendered":"<p>K\u00ebshilli i Lart\u00eb i Gjyq\u00ebsor cakton Medi Bicin si kryetar t\u00eb Komisionit t\u00eb Mbrojtjes s\u00eb Gjyqtar\u00ebve me mandat 2-vje\u00e7ar.<\/p>\n<p>Vendimi u mor n\u00eb mbledhjen e sotme t\u00eb KLGJ-s\u00eb.<\/p>\n<p>Medi Bici, ishte an\u00ebtari i fundit i Gjykat\u00ebs s\u00eb Lart\u00eb q\u00eb p\u00ebrball me vettingun. KPK e konfirmoi n\u00eb detyr\u00eb me 31 korrik 2019.<\/p>\n","protected":false},"excerpt":{"rendered":"<p>K\u00ebshilli i Lart\u00eb i Gjyq\u00ebsor cakton Medi Bicin si kryetar t\u00eb Komisionit t\u00eb Mbrojtjes s\u00eb Gjyqtar\u00ebve me mandat 2-vje\u00e7ar. Vendimi u mor n\u00eb mbledhjen e sotme t\u00eb KLGJ-s\u00eb. Medi Bici, ishte an\u00ebtari i fundit i Gjykat\u00ebs s\u00eb Lart\u00eb q\u00eb p\u00ebrball me vettingun. KPK e konfirmoi n\u00eb detyr\u00eb me 31 korrik 2019.<\/p>\n","protected":false},"author":2013,"featured_media":109027,"comment_status":"open","ping_status":"closed","sticky":false,"template":"","format":"standard","meta":{"footnotes":""},"categories":[241,235],"tags":[],"class_list":{"0":"post-109024","1":"post","2":"type-post","3":"status-publish","4":"format-standard","5":"has-post-thumbnail","7":"category-aktualitet","8":"category-vendi"},"_links":{"self":[{"href":"https:\/\/zjarr.tv\/sq\/wp-json\/wp\/v2\/posts\/109024","targetHints":{"allow":["GET"]}}],"collection":[{"href":"https:\/\/zjarr.tv\/sq\/wp-json\/wp\/v2\/posts"}],"about":[{"href":"https:\/\/zjarr.tv\/sq\/wp-json\/wp\/v2\/types\/post"}],"author":[{"embeddable":true,"href":"https:\/\/zjarr.tv\/sq\/wp-json\/wp\/v2\/users\/2013"}],"replies":[{"embeddable":true,"href":"https:\/\/zjarr.tv\/sq\/wp-json\/wp\/v2\/comments?post=109024"}],"version-history":[{"count":0,"href":"https:\/\/zjarr.tv\/sq\/wp-json\/wp\/v2\/posts\/109024\/revisions"}],"wp:featuredmedia":[{"embeddable":true,"href":"https:\/\/zjarr.tv\/sq\/wp-json\/wp\/v2\/media\/109027"}],"wp:attachment":[{"href":"https:\/\/zjarr.tv\/sq\/wp-json\/wp\/v2\/media?parent=109024"}],"wp:term":[{"taxonomy":"category","embeddable":true,"href":"https:\/\/zjarr.tv\/sq\/wp-json\/wp\/v2\/categories?post=109024"},{"taxonomy":"post_tag","embeddable":true,"href":"https:\/\/zjarr.tv\/sq\/wp-json\/wp\/v2\/tags?post=109024"}],"curies":[{"name":"wp","href":"https:\/\/api.w.org\/{rel}","templated":true}]}}