{"id":109226,"date":"2019-09-27T15:07:11","date_gmt":"2019-09-27T13:07:11","guid":{"rendered":"https:\/\/zjarr.tv\/?p=109226"},"modified":"2019-09-27T15:07:11","modified_gmt":"2019-09-27T13:07:11","slug":"shehu-rama-te-tregoje-si-i-shkoi-takimi-me-trump-se-shtepia-e-bardhe-se-kishte-ne-liste","status":"publish","type":"post","link":"https:\/\/zjarr.tv\/sq\/shehu-rama-te-tregoje-si-i-shkoi-takimi-me-trump-se-shtepia-e-bardhe-se-kishte-ne-liste\/","title":{"rendered":"Shehu: Rama t\u00eb tregoj\u00eb si i shkoi takimi me Trump, se Sht\u00ebpia e Bardh\u00eb s&#8217;e kishte n\u00eb list\u00eb!"},"content":{"rendered":"<p>N\u00eb kulmin e fushat\u00ebs pompoze \u201cantit\u00ebrmet\u201d t\u00eb k\u00ebsaj qeverie, Kryeministri u largua me urgjenc\u00eb drejt selis\u00eb s\u00eb OKB n\u00eb Ne\u00eb York, ku sipas deklarat\u00ebs s\u00eb b\u00ebr\u00eb, do t\u00eb takonte Presidentin Trump!<\/p>\n<p>M\u00eb tej deklaroi q\u00eb \u201ctakimi\u201d u realizua dhe botoi nj\u00eb foto me Presidentin amerikan\u2026Por vet\u00ebm kaq, megjith\u00ebse \u00e7udit\u00ebrisht u tha q\u00eb gjith\u00e7ka do t\u00eb shpjegohet n\u00eb vazhdim.Pa asnj\u00eb dyshim, nj\u00eb takim i tij me Presidentin Trump do t\u00eb ishte nj\u00eb ngjarje e sh\u00ebnuar p\u00ebr vendin ton\u00eb, p\u00ebr mar\u00ebdh\u00ebniet me k\u00ebt\u00eb partner gjeostrategjik, por edhe p\u00ebr rajonin n\u00eb t\u00ebr\u00ebsi.<\/p>\n<p>\u00cbsht\u00eb detyrim i Kryeministrit, zyr\u00ebs s\u00eb tij, Ministris\u00eb son\u00eb t\u00eb Jashtme, t\u00eb l\u00ebshonin menj\u00ebher\u00eb nj\u00eb njoftim zyrtar p\u00ebr at\u00eb takim, t\u00eb njoftojn\u00eb sa zgjati ai, kush ishte prezent aty, ku u b\u00eb, thelbin e \u00e7\u00ebshtjeve q\u00eb u diskutuan n\u00eb at\u00eb, etj\u2026.n\u00ebqoft\u00ebse kjo ndodhi!<\/p>\n<p>Kjo praktik\u00eb e detyrueshme dhe etike \u00ebsht\u00eb ndjekur jo vet\u00ebm p\u00ebr nj\u00eb t\u00eb till\u00eb takim t\u00eb shum\u00eb mir\u00ebpritur e t\u00eb r\u00ebnd\u00ebsish\u00ebm, por edhe p\u00ebr t\u00eb tjer\u00eb; psh nj\u00eb njoftim i till\u00eb zyrtar, megjith\u00ebse i cunguar, u b\u00eb normalisht edhe p\u00ebr takimin me Kryeministrin e Greqis\u00eb.<\/p>\n<p>Fatkeq\u00ebsisht deri m\u00eb sot, kur kan\u00eb kaluar disa dit\u00eb, ka vet\u00ebm heshtje t\u00eb pajustifikuar, q\u00eb n\u00eb realitet mund t\u00eb interpretohet gabimisht edhe si nj\u00eb mosvler\u00ebsim i Kryeministrit ton\u00eb p\u00ebr at\u00eb \u201ctakim\u201d!<\/p>\n<p>Nd\u00ebrsa n\u00eb list\u00ebn e Sht\u00ebpis\u00eb s\u00eb Bardh\u00eb t\u00eb takimeve t\u00eb Presidentit Trump n\u00eb k\u00ebt\u00eb sesion t\u00eb OKB nuk figuron asnj\u00eb takim me Kryeministrin ton\u00eb.<br \/>\nOpinioni yn\u00eb \u00ebsht\u00eb n\u00eb pritje t\u00eb nj\u00eb sqarimi zyrtar.<\/p>\n","protected":false},"excerpt":{"rendered":"<p>N\u00eb kulmin e fushat\u00ebs pompoze \u201cantit\u00ebrmet\u201d t\u00eb k\u00ebsaj qeverie, Kryeministri u largua me urgjenc\u00eb drejt selis\u00eb s\u00eb OKB n\u00eb Ne\u00eb York, ku sipas deklarat\u00ebs s\u00eb b\u00ebr\u00eb, do t\u00eb takonte Presidentin Trump! M\u00eb tej deklaroi q\u00eb \u201ctakimi\u201d u realizua dhe botoi nj\u00eb foto me Presidentin amerikan\u2026Por vet\u00ebm kaq, megjith\u00ebse \u00e7udit\u00ebrisht u tha q\u00eb gjith\u00e7ka do t\u00eb [&hellip;]<\/p>\n","protected":false},"author":2013,"featured_media":108867,"comment_status":"open","ping_status":"closed","sticky":false,"template":"","format":"standard","meta":{"footnotes":""},"categories":[241,235],"tags":[],"class_list":{"0":"post-109226","1":"post","2":"type-post","3":"status-publish","4":"format-standard","5":"has-post-thumbnail","7":"category-aktualitet","8":"category-vendi"},"_links":{"self":[{"href":"https:\/\/zjarr.tv\/sq\/wp-json\/wp\/v2\/posts\/109226","targetHints":{"allow":["GET"]}}],"collection":[{"href":"https:\/\/zjarr.tv\/sq\/wp-json\/wp\/v2\/posts"}],"about":[{"href":"https:\/\/zjarr.tv\/sq\/wp-json\/wp\/v2\/types\/post"}],"author":[{"embeddable":true,"href":"https:\/\/zjarr.tv\/sq\/wp-json\/wp\/v2\/users\/2013"}],"replies":[{"embeddable":true,"href":"https:\/\/zjarr.tv\/sq\/wp-json\/wp\/v2\/comments?post=109226"}],"version-history":[{"count":0,"href":"https:\/\/zjarr.tv\/sq\/wp-json\/wp\/v2\/posts\/109226\/revisions"}],"wp:featuredmedia":[{"embeddable":true,"href":"https:\/\/zjarr.tv\/sq\/wp-json\/wp\/v2\/media\/108867"}],"wp:attachment":[{"href":"https:\/\/zjarr.tv\/sq\/wp-json\/wp\/v2\/media?parent=109226"}],"wp:term":[{"taxonomy":"category","embeddable":true,"href":"https:\/\/zjarr.tv\/sq\/wp-json\/wp\/v2\/categories?post=109226"},{"taxonomy":"post_tag","embeddable":true,"href":"https:\/\/zjarr.tv\/sq\/wp-json\/wp\/v2\/tags?post=109226"}],"curies":[{"name":"wp","href":"https:\/\/api.w.org\/{rel}","templated":true}]}}