{"id":109395,"date":"2019-09-29T14:42:28","date_gmt":"2019-09-29T12:42:28","guid":{"rendered":"https:\/\/zjarr.tv\/?p=109395"},"modified":"2019-09-29T14:42:28","modified_gmt":"2019-09-29T12:42:28","slug":"kapet-me-kokaine-kandidati-per-keshillin-bashkiak-te-tiranes","status":"publish","type":"post","link":"https:\/\/zjarr.tv\/sq\/kapet-me-kokaine-kandidati-per-keshillin-bashkiak-te-tiranes\/","title":{"rendered":"Kapet me kokain\u00eb kandidati p\u00ebr K\u00ebshillin Bashkiak t\u00eb Tiran\u00ebs"},"content":{"rendered":"<p>Nj\u00eb 36-vje\u00e7ar ka r\u00ebn\u00eb n\u00eb prangat e policis\u00eb s\u00eb Sarand\u00ebs.<\/p>\n<p>36-vje\u00e7ari me Shefqet Karabrahimi, lindur n\u00eb Dib\u00ebr dhe banues n\u00eb Tiran\u00eb u kap me nj\u00eb sasi prej 50 gram kokain\u00eb.<\/p>\n<p>M\u00ebsohet se i riu \u00ebsht\u00eb prangosur kur po futej n\u00eb qytetin e Sarand\u00ebs, pasi kishte udh\u00ebtuar nga Tirana.<\/p>\n<div id=\"rekl-13\">\n<div id=\"__sap-ad-15\" class=\"__sap-ads __sap-html tracked\" data-title=\"Credins desktop 08\"><ins><\/p>\n<div id=\"beacon_0576a277b5\"><\/div>\n<p><\/ins><\/div>\n<\/div>\n<p>Shefqet Karabrahimi m\u00ebsohet se ka qen\u00eb kandidat p\u00ebr K\u00ebshillin Bashkiak t\u00eb Tiran\u00ebs n\u00eb votimet e Edi Ram\u00ebs n\u00eb 30 qershor, i propozuar nga Partia Reforma Demokratike.<\/p>\n<p>\u2018Nga sh\u00ebrbimet policore, seksioni i krimit t\u00eb organizuar n\u00eb Sarand\u00eb \u00ebsht\u00eb b\u00ebr\u00eb arrestimi n\u00eb flagranc\u00eb i 36-vje\u00e7arit me inicialet Sh. K., lindur n\u00eb Dib\u00ebr dhe banues n\u00eb Tiran\u00eb.<\/p>\n<p>Arrestimi i tij u b\u00eb n\u00eb vendin e quajtur Ura e Kranes\u00eb, ku 36-vje\u00e7ari po udh\u00ebtonte me mjetin e tij nga Tirana p\u00ebr n\u00eb Sarand\u00eb.<\/p>\n<p>Nga kontrolli i imt\u00ebsish\u00ebm i mjetit dhe i personit i \u00ebsht\u00eb gjetur nj\u00eb sasi prej 50 gram kokain\u00eb, t\u00eb cil\u00ebn p\u00ebr t\u00eb mos u zbuluar nga ndonj\u00eb kontroll i mundsh\u00ebm gjat\u00eb rrug\u00ebs e kishte fshehur n\u00eb organet e tij gjenitale\u2019, b\u00ebn\u00eb t\u00eb ditur burime zyrtare nga Policia e Sarand\u00ebs.<\/p>\n","protected":false},"excerpt":{"rendered":"<p>Nj\u00eb 36-vje\u00e7ar ka r\u00ebn\u00eb n\u00eb prangat e policis\u00eb s\u00eb Sarand\u00ebs. 36-vje\u00e7ari me Shefqet Karabrahimi, lindur n\u00eb Dib\u00ebr dhe banues n\u00eb Tiran\u00eb u kap me nj\u00eb sasi prej 50 gram kokain\u00eb. M\u00ebsohet se i riu \u00ebsht\u00eb prangosur kur po futej n\u00eb qytetin e Sarand\u00ebs, pasi kishte udh\u00ebtuar nga Tirana. Shefqet Karabrahimi m\u00ebsohet se ka qen\u00eb kandidat [&hellip;]<\/p>\n","protected":false},"author":2013,"featured_media":0,"comment_status":"open","ping_status":"closed","sticky":false,"template":"","format":"standard","meta":{"footnotes":""},"categories":[241,235],"tags":[],"class_list":{"0":"post-109395","1":"post","2":"type-post","3":"status-publish","4":"format-standard","6":"category-aktualitet","7":"category-vendi"},"_links":{"self":[{"href":"https:\/\/zjarr.tv\/sq\/wp-json\/wp\/v2\/posts\/109395","targetHints":{"allow":["GET"]}}],"collection":[{"href":"https:\/\/zjarr.tv\/sq\/wp-json\/wp\/v2\/posts"}],"about":[{"href":"https:\/\/zjarr.tv\/sq\/wp-json\/wp\/v2\/types\/post"}],"author":[{"embeddable":true,"href":"https:\/\/zjarr.tv\/sq\/wp-json\/wp\/v2\/users\/2013"}],"replies":[{"embeddable":true,"href":"https:\/\/zjarr.tv\/sq\/wp-json\/wp\/v2\/comments?post=109395"}],"version-history":[{"count":0,"href":"https:\/\/zjarr.tv\/sq\/wp-json\/wp\/v2\/posts\/109395\/revisions"}],"wp:attachment":[{"href":"https:\/\/zjarr.tv\/sq\/wp-json\/wp\/v2\/media?parent=109395"}],"wp:term":[{"taxonomy":"category","embeddable":true,"href":"https:\/\/zjarr.tv\/sq\/wp-json\/wp\/v2\/categories?post=109395"},{"taxonomy":"post_tag","embeddable":true,"href":"https:\/\/zjarr.tv\/sq\/wp-json\/wp\/v2\/tags?post=109395"}],"curies":[{"name":"wp","href":"https:\/\/api.w.org\/{rel}","templated":true}]}}