{"id":109401,"date":"2019-09-29T14:45:51","date_gmt":"2019-09-29T12:45:51","guid":{"rendered":"https:\/\/zjarr.tv\/?p=109401"},"modified":"2019-09-29T14:45:51","modified_gmt":"2019-09-29T12:45:51","slug":"termeti-mberrijne-ne-shqiperi-ndihmat-e-para-nga-bashkimi-evropian","status":"publish","type":"post","link":"https:\/\/zjarr.tv\/sq\/termeti-mberrijne-ne-shqiperi-ndihmat-e-para-nga-bashkimi-evropian\/","title":{"rendered":"T\u00ebrmeti, mb\u00ebrrijn\u00eb n\u00eb Shqip\u00ebri ndihmat e para nga Bashkimi Evropian"},"content":{"rendered":"<p>Mb\u00ebrrijn\u00eb n\u00eb Shqip\u00ebri ndihmat e par\u00eb t\u00eb Bashkimit Evropian p\u00ebr familjet e prekura nga t\u00ebrmeti i 21 shtatorit. Pas aktivizimit t\u00eb Mekanizmit t\u00eb Mbrojtjes Civile t\u00eb BE-s\u00eb, n\u00eb Drejtorin\u00eb rajonale t\u00eb rezervave t\u00eb shtetit n\u00eb Lund\u00ebr kan\u00eb mb\u00ebrritur k\u00ebto dy dit\u00eb ndihma nga disa shtete evropiane si Kroacia, Hungaria, nd\u00ebrsa priten edhe nga shtete t\u00eb tjera.<\/p>\n<div class=\"galery-slider\">\n<ul class=\"slides\">\n<li class=\"flex-slider-item\" data-thumb-alt=\"\"><a href=\"https:\/\/balkanweb.com\/wp-content\/uploads\/2019\/09\/649e4882-8bf2-4e18-b443-d1a84cb8e9d1.jpg\" rel=\"lightbox\"><img decoding=\"async\" draggable=\"false\" src=\"https:\/\/balkanweb.com\/wp-content\/uploads\/2019\/09\/649e4882-8bf2-4e18-b443-d1a84cb8e9d1.jpg\" alt=\"foto galeri \" \/><\/a><\/li>\n<li class=\"flex-slider-item flex-active-slide\" data-thumb-alt=\"\"><a href=\"https:\/\/balkanweb.com\/wp-content\/uploads\/2019\/09\/718ca936-2613-4efb-a4c7-3bbc89e4fe8c.jpg\" rel=\"lightbox\"><img decoding=\"async\" draggable=\"false\" src=\"https:\/\/balkanweb.com\/wp-content\/uploads\/2019\/09\/718ca936-2613-4efb-a4c7-3bbc89e4fe8c.jpg\" alt=\"foto galeri \" \/><\/a><\/li>\n<li class=\"flex-slider-item\" data-thumb-alt=\"\"><a href=\"https:\/\/balkanweb.com\/wp-content\/uploads\/2019\/09\/fb74eabb-757b-4164-8f5d-0b7c87138589.jpg\" rel=\"lightbox\"><img decoding=\"async\" draggable=\"false\" src=\"https:\/\/balkanweb.com\/wp-content\/uploads\/2019\/09\/fb74eabb-757b-4164-8f5d-0b7c87138589.jpg\" alt=\"foto galeri \" \/><\/a><\/li>\n<li class=\"flex-slider-item\" data-thumb-alt=\"\"><a href=\"https:\/\/balkanweb.com\/wp-content\/uploads\/2019\/09\/8c87bbc0-3dd6-47ee-869a-3ace76e0768a.jpg\" rel=\"lightbox\"><img decoding=\"async\" draggable=\"false\" src=\"https:\/\/balkanweb.com\/wp-content\/uploads\/2019\/09\/8c87bbc0-3dd6-47ee-869a-3ace76e0768a.jpg\" alt=\"foto galeri \" \/><\/a><\/li>\n<li class=\"flex-slider-item\" data-thumb-alt=\"\"><a href=\"https:\/\/balkanweb.com\/wp-content\/uploads\/2019\/09\/a4886d2e-d5a8-4ae0-96f5-04ba753403ff.jpg\" rel=\"lightbox\"><img decoding=\"async\" draggable=\"false\" src=\"https:\/\/balkanweb.com\/wp-content\/uploads\/2019\/09\/a4886d2e-d5a8-4ae0-96f5-04ba753403ff.jpg\" alt=\"foto galeri \" \/><\/a><\/li>\n<li class=\"flex-slider-item\" data-thumb-alt=\"\"><a href=\"https:\/\/balkanweb.com\/wp-content\/uploads\/2019\/09\/4bb6c852-38e6-4241-a626-112a31d10ea1.jpg\" rel=\"lightbox\"><img decoding=\"async\" draggable=\"false\" src=\"https:\/\/balkanweb.com\/wp-content\/uploads\/2019\/09\/4bb6c852-38e6-4241-a626-112a31d10ea1.jpg\" alt=\"foto galeri \" \/><\/a><\/li>\n<li class=\"flex-slider-item\" data-thumb-alt=\"\"><a href=\"https:\/\/balkanweb.com\/wp-content\/uploads\/2019\/09\/b0748f8d-b9bd-4e1a-9c08-ff7d5d3318c9.jpg\" rel=\"lightbox\"><img decoding=\"async\" draggable=\"false\" src=\"https:\/\/balkanweb.com\/wp-content\/uploads\/2019\/09\/b0748f8d-b9bd-4e1a-9c08-ff7d5d3318c9.jpg\" alt=\"foto galeri \" \/><\/a><\/li>\n<li class=\"flex-slider-item\" data-thumb-alt=\"\"><a href=\"https:\/\/balkanweb.com\/wp-content\/uploads\/2019\/09\/0a9b238a-2187-4064-a628-6bd579d94aa3.jpg\" rel=\"lightbox\"><img decoding=\"async\" draggable=\"false\" src=\"https:\/\/balkanweb.com\/wp-content\/uploads\/2019\/09\/0a9b238a-2187-4064-a628-6bd579d94aa3.jpg\" alt=\"foto galeri \" \/><\/a><\/li>\n<li class=\"flex-slider-item\" data-thumb-alt=\"\"><a href=\"https:\/\/balkanweb.com\/wp-content\/uploads\/2019\/09\/3055d009-3bbc-445a-91b6-3c7115b0f51f.jpg\" rel=\"lightbox\"><img decoding=\"async\" draggable=\"false\" src=\"https:\/\/balkanweb.com\/wp-content\/uploads\/2019\/09\/3055d009-3bbc-445a-91b6-3c7115b0f51f.jpg\" alt=\"foto galeri \" \/><\/a><\/li>\n<li class=\"flex-slider-item\" data-thumb-alt=\"\"><a href=\"https:\/\/balkanweb.com\/wp-content\/uploads\/2019\/09\/23476a51-d141-47d7-b683-7254bf587b61.jpg\" rel=\"lightbox\"><img decoding=\"async\" draggable=\"false\" src=\"https:\/\/balkanweb.com\/wp-content\/uploads\/2019\/09\/23476a51-d141-47d7-b683-7254bf587b61.jpg\" alt=\"foto galeri \" \/><\/a><\/li>\n<li class=\"flex-slider-item\" data-thumb-alt=\"\"><a href=\"https:\/\/balkanweb.com\/wp-content\/uploads\/2019\/09\/e0b32529-1812-46d3-852d-82f01ed3471b.jpg\" rel=\"lightbox\"><img decoding=\"async\" draggable=\"false\" src=\"https:\/\/balkanweb.com\/wp-content\/uploads\/2019\/09\/e0b32529-1812-46d3-852d-82f01ed3471b.jpg\" alt=\"foto galeri \" \/><\/a><\/li>\n<li class=\"flex-slider-item\" data-thumb-alt=\"\"><a href=\"https:\/\/balkanweb.com\/wp-content\/uploads\/2019\/09\/425ab154-4728-4e8a-bf0e-5001e2378d9f.jpg\" rel=\"lightbox\"><img decoding=\"async\" draggable=\"false\" src=\"https:\/\/balkanweb.com\/wp-content\/uploads\/2019\/09\/425ab154-4728-4e8a-bf0e-5001e2378d9f.jpg\" alt=\"foto galeri \" \/><\/a><\/li>\n<li class=\"flex-slider-item\" data-thumb-alt=\"\"><a href=\"https:\/\/balkanweb.com\/wp-content\/uploads\/2019\/09\/81199a0c-fb4a-49ca-a53d-42bd5ca94fd3.jpg\" rel=\"lightbox\"><img decoding=\"async\" draggable=\"false\" src=\"https:\/\/balkanweb.com\/wp-content\/uploads\/2019\/09\/81199a0c-fb4a-49ca-a53d-42bd5ca94fd3.jpg\" alt=\"foto galeri \" \/><\/a><\/li>\n<\/ul>\n<\/div>\n<p>Nj\u00eb avion ushtarak grek solli k\u00ebt\u00eb t\u00eb diel kontributin e qeveris\u00eb s\u00eb Greqis\u00eb p\u00ebr Shqip\u00ebrn\u00eb. N\u00eb ceremonin\u00eb e pritjes ishte i pranish\u00ebm edhe drejtuesi i ekipit t\u00eb BE p\u00ebr Emergjencat Civile, Peter Glerum.<\/p>\n<p>\u201cNe jemi k\u00ebtu si skuad\u00ebr e mbrojtjes civile p\u00ebr t\u00eb ndihmuar Shqip\u00ebrin\u00eb. Ne kemi marr\u00eb deri m\u00eb tani ndihmat e dh\u00ebna nga 3 shtete dhe presim edhe nga shtetet e tjera\u201d, u shpreh p\u00ebrfaq\u00ebsuesi i BE-s\u00eb.<\/p>\n<div id=\"videoad\"><\/div>\n<div id=\"pa_1x1_psbk_1569761124194\"><\/div>\n<p>Nga ana e tij, Sekretar i P\u00ebrgjithsh\u00ebm i Mbrojtjes Civile t\u00eb Greqis\u00eb, Nikolaos Hardalias, tha se jemi k\u00ebtu t\u00eb japim nj\u00eb mesazh solidariteti dhe mb\u00ebshtetje p\u00ebr pupullin shqiptar.<\/p>\n<p>Drejtori i P\u00ebrgjishsh\u00ebm i Rezervave t\u00eb Shtetit, Paulin Luli, falenderoi n\u00eb em\u00ebr t\u00eb Ministris\u00eb s\u00eb Mbrojtjes p\u00ebrfaq\u00ebsuesit e lart\u00eb t\u00eb Mbrojtjes civile p\u00ebr solidaritetin.<\/p>\n<p>\u201cShpresojm\u00eb q\u00eb ne k\u00ebt\u00eb ndihm\u00eb t\u00eb dh\u00ebn\u00eb t\u00eb mos e kthejm\u00eb vet\u00ebm n\u00eb raste t\u00eb tilla, por t\u00eb jemi krah nj\u00ebri-tjetrit p\u00ebr t\u00eb ndihmuar n\u00eb koh\u00eb t\u00eb v\u00ebshtira\u201d, u shpreh Drejtori i Rezervave t\u00eb Shtetit.<\/p>\n<p>Nj\u00eb ekip i specializuar i Mekanizmit t\u00eb Mbrojtjes Civile t\u00eb BE-s\u00eb ka mb\u00ebrritur n\u00eb Tiran\u00eb, duke iu atashuar ekipeve shqiptare t\u00eb emergjenc\u00ebs p\u00ebr vler\u00ebsimin e d\u00ebmeve n\u00eb terren dhe ofrimin e asistenc\u00ebs s\u00eb tyre. Prezantimi u b\u00eb nj\u00eb dit\u00eb m\u00eb par\u00eb edhe nga Ministrja e Mbrojtjes, Olta Xha\u00e7ka, n\u00eb prani edhe t\u00eb ambasadorit t\u00eb Delegacionit t\u00eb BE n\u00eb vendin ton\u00eb, Luigi Soreca.<\/p>\n","protected":false},"excerpt":{"rendered":"<p>Mb\u00ebrrijn\u00eb n\u00eb Shqip\u00ebri ndihmat e par\u00eb t\u00eb Bashkimit Evropian p\u00ebr familjet e prekura nga t\u00ebrmeti i 21 shtatorit. Pas aktivizimit t\u00eb Mekanizmit t\u00eb Mbrojtjes Civile t\u00eb BE-s\u00eb, n\u00eb Drejtorin\u00eb rajonale t\u00eb rezervave t\u00eb shtetit n\u00eb Lund\u00ebr kan\u00eb mb\u00ebrritur k\u00ebto dy dit\u00eb ndihma nga disa shtete evropiane si Kroacia, Hungaria, nd\u00ebrsa priten edhe nga shtete t\u00eb [&hellip;]<\/p>\n","protected":false},"author":2013,"featured_media":0,"comment_status":"open","ping_status":"closed","sticky":false,"template":"","format":"standard","meta":{"footnotes":""},"categories":[241,235],"tags":[],"class_list":{"0":"post-109401","1":"post","2":"type-post","3":"status-publish","4":"format-standard","6":"category-aktualitet","7":"category-vendi"},"_links":{"self":[{"href":"https:\/\/zjarr.tv\/sq\/wp-json\/wp\/v2\/posts\/109401","targetHints":{"allow":["GET"]}}],"collection":[{"href":"https:\/\/zjarr.tv\/sq\/wp-json\/wp\/v2\/posts"}],"about":[{"href":"https:\/\/zjarr.tv\/sq\/wp-json\/wp\/v2\/types\/post"}],"author":[{"embeddable":true,"href":"https:\/\/zjarr.tv\/sq\/wp-json\/wp\/v2\/users\/2013"}],"replies":[{"embeddable":true,"href":"https:\/\/zjarr.tv\/sq\/wp-json\/wp\/v2\/comments?post=109401"}],"version-history":[{"count":0,"href":"https:\/\/zjarr.tv\/sq\/wp-json\/wp\/v2\/posts\/109401\/revisions"}],"wp:attachment":[{"href":"https:\/\/zjarr.tv\/sq\/wp-json\/wp\/v2\/media?parent=109401"}],"wp:term":[{"taxonomy":"category","embeddable":true,"href":"https:\/\/zjarr.tv\/sq\/wp-json\/wp\/v2\/categories?post=109401"},{"taxonomy":"post_tag","embeddable":true,"href":"https:\/\/zjarr.tv\/sq\/wp-json\/wp\/v2\/tags?post=109401"}],"curies":[{"name":"wp","href":"https:\/\/api.w.org\/{rel}","templated":true}]}}