{"id":109404,"date":"2019-09-29T14:46:43","date_gmt":"2019-09-29T12:46:43","guid":{"rendered":"https:\/\/zjarr.tv\/?p=109404"},"modified":"2019-09-29T14:46:43","modified_gmt":"2019-09-29T12:46:43","slug":"shifra-alarmante-1-ne-5-nxenes-shqiptare-viktima-te-bullizmit-kerkohet-urgjent-nje-plan-kombetar","status":"publish","type":"post","link":"https:\/\/zjarr.tv\/sq\/shifra-alarmante-1-ne-5-nxenes-shqiptare-viktima-te-bullizmit-kerkohet-urgjent-nje-plan-kombetar\/","title":{"rendered":"Shifra alarmante\/ 1 n\u00eb 5 nx\u00ebn\u00ebs shqiptar\u00eb \u201cviktima\u201d t\u00eb bullizmit, k\u00ebrkohet urgjent nj\u00eb plan komb\u00ebtar"},"content":{"rendered":"<p>Bullizimi, apo sjelljet e d\u00ebmshme agresive n\u00eb shkolla, \u00ebsht\u00eb nj\u00eb fenomen mbar\u00ebbot\u00ebror dhe si i till\u00eb \u00ebsht\u00eb i pranish\u00ebm edhe n\u00eb Shqip\u00ebri. Dhuna brenda mureve te shkollave 9-vje\u00e7are dhe gjimnazeve mbetet n\u00eb nivele alarmante.<\/p>\n<p>\u00cbsht\u00eb evidentuar se 1 n\u00eb 5 f\u00ebmij\u00eb n\u00eb arsimin parauniversitar n\u00eb vendin ton\u00eb \u00ebsht\u00eb pre e bullzimit.<\/p>\n<p>\u201cPra n\u00ebse ne kemi sot n\u00eb Shqip\u00ebri 480.000 f\u00ebmij\u00eb, t\u00eb cil\u00ebt jan\u00eb pjes\u00eb e arsimit parauniversitar nj\u00eb n\u00eb pes\u00eb f\u00ebmij\u00eb jan\u00eb pre e dhun\u00ebs ndaj bullizimit n\u00ebp\u00ebr shkolla. Bullizimi \u00ebsht\u00eb form\u00eb dhune dhe shfaqet n\u00eb disa forma. Mund t\u00eb shfaqet si v\u00ebnia e nofkave q\u00eb nx\u00ebn\u00ebsit i v\u00ebn\u00eb nj\u00ebri-tjetrit dhe harrojn\u00eb q\u00eb nj\u00eb nofk\u00eb q\u00eb i v\u00ebn\u00eb shokut \u00ebsht\u00eb nj\u00eb form\u00eb bullzimi. Bullizmi vjen edhe n\u00eb form\u00eb verbale dhe n\u00eb form\u00eb fizike, \u00ebsht\u00eb fenomeni m\u00eb i p\u00ebrhapur n\u00eb shkollat shqiptare.<\/p>\n<p>Bullzimi vjen edhe si pasoj\u00eb e ndryshimeve n\u00eb mjedis, si mb\u00ebrritja n\u00eb kryeqytet, apo nga nj\u00ebri qytet n\u00eb tjetrin, nga nj\u00eb zon\u00eb e thell\u00eb malore apo p\u00ebrkat\u00ebsia etnike, kushtet socialo-ekonomike. K\u00ebshtu q\u00eb n\u00ebse nuk merren t\u00eb gjitha masat p\u00ebr t\u00eb luftuar fenomenin e dhun\u00ebs dhe bullzimit n\u00eb shkollat tona si do u ofrojm\u00eb nx\u00ebn\u00ebsve arsim cil\u00ebsor\u201d, tha Linda Pino, koordinatore komb\u00ebtare e koalicionit p\u00ebr arsimin.<\/p>\n<div id=\"videoad\"><\/div>\n<div id=\"pa_1x1_psbk_1569761187810\"><\/div>\n<p>Psikolog\u00ebt u b\u00ebn\u00eb pjes\u00eb e shkollave shqiptare p\u00ebr her\u00eb t\u00eb par\u00eb n\u00eb vitin 2013. Sipas Pinos, roli i tyre nuk \u00ebsht\u00eb gjithmon\u00eb funksional dhe efi\u00e7ient. Sakaq, vendosja e policeve t\u00eb siguris\u00eb p\u00ebr her\u00eb t\u00eb par\u00eb n\u00eb 150 gjimnaze n\u00eb mbar\u00eb vendin jep shpres\u00eb q\u00eb situata do t\u00eb p\u00ebrmir\u00ebsohet.<\/p>\n<p>N\u00eb vitin 2016, Ministria e Arsimit hartoi nj\u00eb nism\u00eb me shoq\u00ebrin\u00eb civile p\u00ebr t\u00eb parandaluar dhun\u00ebn dhe bullizmin n\u00eb shkolla, por sot fushatat kund\u00ebr dhun\u00ebs dhe bullizmit jan\u00eb t\u00eb lokalizuara. K\u00ebrkohet me urgjenc\u00eb nj\u00eb plan komb\u00ebtar.<\/p>\n<p>Ekspertet rekomandojn\u00eb v\u00ebmendjen jo vet\u00ebm t\u00eb m\u00ebsuesit, por edhe t\u00eb prind\u00ebrve n\u00eb marrjen e masave t\u00eb menj\u00ebhershme, p\u00ebr t\u00eb evituar pasojat afatgjata te f\u00ebmij\u00ebt dhe adoleshent\u00ebt.<\/p>\n","protected":false},"excerpt":{"rendered":"<p>Bullizimi, apo sjelljet e d\u00ebmshme agresive n\u00eb shkolla, \u00ebsht\u00eb nj\u00eb fenomen mbar\u00ebbot\u00ebror dhe si i till\u00eb \u00ebsht\u00eb i pranish\u00ebm edhe n\u00eb Shqip\u00ebri. Dhuna brenda mureve te shkollave 9-vje\u00e7are dhe gjimnazeve mbetet n\u00eb nivele alarmante. \u00cbsht\u00eb evidentuar se 1 n\u00eb 5 f\u00ebmij\u00eb n\u00eb arsimin parauniversitar n\u00eb vendin ton\u00eb \u00ebsht\u00eb pre e bullzimit. \u201cPra n\u00ebse ne kemi [&hellip;]<\/p>\n","protected":false},"author":2013,"featured_media":0,"comment_status":"open","ping_status":"closed","sticky":false,"template":"","format":"standard","meta":{"footnotes":""},"categories":[241,235],"tags":[],"class_list":{"0":"post-109404","1":"post","2":"type-post","3":"status-publish","4":"format-standard","6":"category-aktualitet","7":"category-vendi"},"_links":{"self":[{"href":"https:\/\/zjarr.tv\/sq\/wp-json\/wp\/v2\/posts\/109404","targetHints":{"allow":["GET"]}}],"collection":[{"href":"https:\/\/zjarr.tv\/sq\/wp-json\/wp\/v2\/posts"}],"about":[{"href":"https:\/\/zjarr.tv\/sq\/wp-json\/wp\/v2\/types\/post"}],"author":[{"embeddable":true,"href":"https:\/\/zjarr.tv\/sq\/wp-json\/wp\/v2\/users\/2013"}],"replies":[{"embeddable":true,"href":"https:\/\/zjarr.tv\/sq\/wp-json\/wp\/v2\/comments?post=109404"}],"version-history":[{"count":0,"href":"https:\/\/zjarr.tv\/sq\/wp-json\/wp\/v2\/posts\/109404\/revisions"}],"wp:attachment":[{"href":"https:\/\/zjarr.tv\/sq\/wp-json\/wp\/v2\/media?parent=109404"}],"wp:term":[{"taxonomy":"category","embeddable":true,"href":"https:\/\/zjarr.tv\/sq\/wp-json\/wp\/v2\/categories?post=109404"},{"taxonomy":"post_tag","embeddable":true,"href":"https:\/\/zjarr.tv\/sq\/wp-json\/wp\/v2\/tags?post=109404"}],"curies":[{"name":"wp","href":"https:\/\/api.w.org\/{rel}","templated":true}]}}