{"id":109407,"date":"2019-09-29T14:47:43","date_gmt":"2019-09-29T12:47:43","guid":{"rendered":"https:\/\/zjarr.tv\/?p=109407"},"modified":"2019-09-29T14:47:43","modified_gmt":"2019-09-29T12:47:43","slug":"tri-gra-shqiptare-synojne-ulese-ne-parlamentin-austriak","status":"publish","type":"post","link":"https:\/\/zjarr.tv\/sq\/tri-gra-shqiptare-synojne-ulese-ne-parlamentin-austriak\/","title":{"rendered":"Tri gra shqiptare synojn\u00eb ul\u00ebse n\u00eb Parlamentin austriak"},"content":{"rendered":"<p>N\u00eb gar\u00ebn zgjedhore p\u00ebr 183 ul\u00ebset n\u00eb Parlamentin e Austris\u00eb jan\u00eb edhe tri kandidate shqiptare. Drita Cacaj dhe Ina Rexhepi nga \u00d6VP (Partia Popullore e Austris\u00eb) si dhe Serafina Demaku nga partia SP\u00d6 (Partia Socialdemokrate e Austris\u00eb).<\/p>\n<p>Kandidatet shqiptare kan\u00eb ftuar bashk\u00ebkomb\u00ebsit e tyre q\u00eb t\u00eb shfryt\u00ebzojn\u00eb t\u00eb drejt\u00ebn dhe t\u00eb votojn\u00eb kandidat\u00ebt shqiptar\u00eb, q\u00eb p\u00ebr her\u00eb t\u00eb par\u00eb t\u00eb b\u00ebhen pjes\u00eb e Parlamentit Austriak.<\/p>\n<p><em>\u201cShqiptar\u00ebt n\u00eb Austri fatkeq\u00ebsisht jan\u00eb komuniteti q\u00eb m\u00eb s\u00eb paku dalin n\u00eb zgjedhje. Ne duhet t\u00eb jemi t\u00eb integruar n\u00eb secil\u00ebn sfer\u00eb t\u00eb jet\u00ebs n\u00eb Austri dhe duhet t\u00eb jemi faktor\u00eb edhe n\u00eb jet\u00ebn politike t\u00eb Austris\u00eb. N\u00eb rast se ne nuk p\u00ebrkrahim nj\u00ebri \u2013 tjetrin nuk mund t\u00eb forcohemi si komunitet. Ne ankohemi t\u00ebr\u00eb koh\u00ebn kurse nuk jemi n\u00eb gjendje nj\u00eb dit\u00eb t\u00eb dalim dhe t\u00eb votojm\u00eb p\u00ebr t\u00eb ndryshuar gjendjen dhe p\u00ebr t\u00eb k\u00ebrkuar t\u00eb drejtat q\u00eb na takojn\u00eb\u201d, ka th\u00ebn\u00eb p\u00ebr albinfo.ch, kandidatja Drita Cacaj e cila theksoi se t\u00eb gjith\u00eb ata q\u00eb kan\u00eb n\u00ebnshtet\u00ebsi austriake e kan\u00eb p\u00ebr obligim moral dhe ligjor p\u00ebr t\u00eb votuar.<\/em><\/p>\n<p><strong>Kush jan\u00eb kandidatet<\/strong><\/p>\n<p><strong>Drita Cacaj<\/strong>\u00a0\u00ebsht\u00eb kandidate n\u00eb list\u00ebn e Partis\u00eb Popullore t\u00eb Austris\u00eb, OVP, q\u00eb udh\u00ebhiqet aktualisht nga ministri i Jasht\u00ebm i Austris\u00eb, Sebastian Kurz. Me p\u00ebrvoj\u00ebn e saj mbi 10-vje\u00e7are n\u00eb politik\u00ebn austriake, ajo beson se do t\u00eb dal\u00eb fituese e k\u00ebsaj gare.<\/p>\n<p>N\u00eb listat p\u00ebr deputet\u00eb t\u00eb partis\u00eb s\u00eb kandidatit p\u00ebr kancelar, Sebastian Kurz (\u00d6VP) gjendet edhe\u00a0<strong>Ina Rexhepi<\/strong>. Ajo \u00ebsht\u00eb 36 vje\u00e7are, e lindur n\u00eb Prizren nd\u00ebrsa s\u00eb bashku me bashk\u00ebshortin dhe dy f\u00ebmij\u00ebt jeton n\u00eb \u00cbels t\u00eb Austris\u00eb. Bashk\u00eb me familjen e saj udh\u00ebheqin nj\u00eb kompani t\u00eb suksesshme t\u00eb dizajnit. Ina prej shtat\u00eb vitesh \u00ebsht\u00eb an\u00ebtare e Partis\u00eb Popullore t\u00eb Austris\u00eb.<\/p>\n<p><strong>Serafina Demaku,<\/strong>\u00a023 vje\u00e7arja shqiptare ka lindur n\u00eb Baden t\u00eb Austris\u00eb, kurse me prejardhje \u00ebsht\u00eb nga Arbria e Drenic\u00ebs.Serafina ka qen\u00eb e angazhuar n\u00eb organizata joqeveritare p\u00ebr \u00e7\u00ebshtjen e migracionit. N\u00eb vitin 2015 hyn n\u00eb udh\u00ebheqjen e t\u00eb Rinjve Socialist\u00eb t\u00eb Austris\u00eb, ku deri n\u00eb maj t\u00eb vitit 2017, mban edhe pozit\u00ebn e Sekretares s\u00eb t\u00eb Rinjve Socialist\u00eb t\u00eb Austris\u00eb. Ajo kishte kandiduar edhe n\u00eb zgjedhjet e kaluara nga po e nj\u00ebjta parti.<\/p>\n","protected":false},"excerpt":{"rendered":"<p>N\u00eb gar\u00ebn zgjedhore p\u00ebr 183 ul\u00ebset n\u00eb Parlamentin e Austris\u00eb jan\u00eb edhe tri kandidate shqiptare. Drita Cacaj dhe Ina Rexhepi nga \u00d6VP (Partia Popullore e Austris\u00eb) si dhe Serafina Demaku nga partia SP\u00d6 (Partia Socialdemokrate e Austris\u00eb). Kandidatet shqiptare kan\u00eb ftuar bashk\u00ebkomb\u00ebsit e tyre q\u00eb t\u00eb shfryt\u00ebzojn\u00eb t\u00eb drejt\u00ebn dhe t\u00eb votojn\u00eb kandidat\u00ebt shqiptar\u00eb, q\u00eb [&hellip;]<\/p>\n","protected":false},"author":2013,"featured_media":0,"comment_status":"open","ping_status":"closed","sticky":false,"template":"","format":"standard","meta":{"footnotes":""},"categories":[241,235],"tags":[],"class_list":{"0":"post-109407","1":"post","2":"type-post","3":"status-publish","4":"format-standard","6":"category-aktualitet","7":"category-vendi"},"_links":{"self":[{"href":"https:\/\/zjarr.tv\/sq\/wp-json\/wp\/v2\/posts\/109407","targetHints":{"allow":["GET"]}}],"collection":[{"href":"https:\/\/zjarr.tv\/sq\/wp-json\/wp\/v2\/posts"}],"about":[{"href":"https:\/\/zjarr.tv\/sq\/wp-json\/wp\/v2\/types\/post"}],"author":[{"embeddable":true,"href":"https:\/\/zjarr.tv\/sq\/wp-json\/wp\/v2\/users\/2013"}],"replies":[{"embeddable":true,"href":"https:\/\/zjarr.tv\/sq\/wp-json\/wp\/v2\/comments?post=109407"}],"version-history":[{"count":0,"href":"https:\/\/zjarr.tv\/sq\/wp-json\/wp\/v2\/posts\/109407\/revisions"}],"wp:attachment":[{"href":"https:\/\/zjarr.tv\/sq\/wp-json\/wp\/v2\/media?parent=109407"}],"wp:term":[{"taxonomy":"category","embeddable":true,"href":"https:\/\/zjarr.tv\/sq\/wp-json\/wp\/v2\/categories?post=109407"},{"taxonomy":"post_tag","embeddable":true,"href":"https:\/\/zjarr.tv\/sq\/wp-json\/wp\/v2\/tags?post=109407"}],"curies":[{"name":"wp","href":"https:\/\/api.w.org\/{rel}","templated":true}]}}