{"id":109415,"date":"2019-09-29T15:21:33","date_gmt":"2019-09-29T13:21:33","guid":{"rendered":"https:\/\/zjarr.tv\/?p=109415"},"modified":"2019-09-29T15:21:33","modified_gmt":"2019-09-29T13:21:33","slug":"prangoset-edhe-i-treti-kercenoi-hallen-qe-dhunuan-dy-vellezerit-e-tjere","status":"publish","type":"post","link":"https:\/\/zjarr.tv\/sq\/prangoset-edhe-i-treti-kercenoi-hallen-qe-dhunuan-dy-vellezerit-e-tjere\/","title":{"rendered":"Prangoset edhe i treti, k\u00ebrc\u00ebnoi hall\u00ebn q\u00eb dhunuan dy v\u00ebllez\u00ebrit e tjer\u00eb"},"content":{"rendered":"<div class=\"readmore-text-here\">\n<p>Disa dit\u00eb pas arrestimit t\u00eb dy v\u00ebllez\u00ebrve Muhaj n\u00eb Fier, t\u00eb cil\u00ebt dhunuan hall\u00ebn e tyre, n\u00eb pranga ka r\u00ebn\u00eb edhe v\u00eblla i tret\u00eb. Policia e Fierit ka arrestuar 21-vje\u00e7arin B. Muhaj, i cili ishte shpallur n\u00eb k\u00ebrkim, pasi kishte kanosur hall\u00ebn e tij 45-vje\u00e7are, Mirela Brakaj, t\u00eb t\u00ebrhiqte kall\u00ebzimin.<\/p>\n<p>45-vje\u00e7arja u dhunua nga dy nip\u00ebrit Mariglen dhe Artjus Muhaj, 30 vje\u00e7 dhe 24 vje\u00e7, dhe e gjitha ka ndodhur p\u00ebr shkak t\u00eb nj\u00eb prone t\u00eb p\u00ebrbashk\u00ebt mes tyre.<\/p>\n<div id=\"rekl-28\"><\/div>\n<p>Halla jetonte e vetme n\u00eb banes\u00eb, pas vdekjes s\u00eb bashk\u00ebshortit t\u00eb saj dhe ishte e pajisur me urdh\u00ebr mbrojtjeje ndaj nip\u00ebrve, por kjo nuk i ka penguar ato q\u00eb ta dhunonin s\u00ebrish.<\/p>\n<div id=\"rekl-13\">\n<div id=\"__sap-ad-15\" class=\"__sap-ads __sap-html tracked\" data-title=\"Credins desktop 08\"><ins><\/p>\n<div id=\"beacon_64eb6abfb0\"><img loading=\"lazy\" decoding=\"async\" src=\"https:\/\/ads1.medium.al\/www\/delivery\/lg.php?bannerid=401&amp;campaignid=56&amp;zoneid=232&amp;loc=https%3A%2F%2Fwww.syri.net%2Fkronike%2F283499%2Fprangoset-edhe-i-treti-kercenoi-hallen-qe-dhunuan-dy-vellezerit-e-tjere%2F&amp;referer=https%3A%2F%2Fwww.syri.net%2Flajme%2F&amp;cb=64eb6abfb0\" alt=\"\" width=\"0\" height=\"0\" \/><\/div>\n<p><\/ins><\/div>\n<\/div>\n<div id=\"rekl-4\"><\/div>\n<p><strong>Ja njoftimi i policis\u00eb:<\/strong><\/p>\n<p>Specialist\u00ebt p\u00ebr Hetimin e Krimeve n\u00eb Komisariatin e Policis\u00eb Fier, b\u00ebn ndalimin e shtetasit t\u00eb shpallur n\u00eb k\u00ebrkim: \u2022Besnik Muhaj 21 vje\u00e7, banues n\u00eb Fier. Ndalimi i k\u00ebtij shtetasi u b\u00eb pasi ka k\u00ebrc\u00ebnuar e kanosur p\u00ebr t\u00ebrheqie t\u00eb kallzimit, hall\u00ebn e tij, shtetasen Mirela Braka, 45 vje\u00e7e, kallzim i cili ka \u00e7uar n\u00eb pranga n\u00eb dat\u00eb 13.09.2019 dy v\u00ebllez\u00ebrit e tij p\u00ebr dhun\u00eb t\u00eb ushtruar ndaj hall\u00ebs.<\/p>\n<p>Materialet i kaluan Prokuroris\u00eb pran\u00eb Gjykat\u00ebs s\u00eb Shkall\u00ebs s\u00eb Par\u00eb Fier p\u00ebr vepr\u00ebn penale \u201cKanosja p\u00ebr t\u00eb mos kallzuar\u201d. Kujtojme se ne date 15 shtator Gjykata e Fierit ka vendosur \u201carrest me burg\u201d p\u00ebr dy v\u00ebllez\u00ebrit Mariglen dhe Artjus Muhaj, p\u00ebrkat\u00ebsisht 30 dhe 24 vje\u00e7 t\u00eb cil\u00ebt u arrestuan pasi ushtruan dhun\u00eb fizike ndaj hall\u00ebs s\u00eb tyre Mirela Braka, 45 vje\u00e7e ,e cila ishte e pajisur edhe me urdh\u00ebr mbrojtjeje.<\/p>\n<p>Dy v\u00ebllez\u00ebrit Muhaj u arrestuan ne 13 shtator nga policia e Fierit pasi akuzohen se kan\u00eb dhunuar fizikisht hall\u00ebn e tyre me t\u00eb cil\u00ebn kishin nj\u00eb konflikt pron\u00ebsie. 45-vje\u00e7arja Mirela Braka ishte e pajisur me urdh\u00ebr mbrojtje. Gjat\u00eb kontrollit t\u00eb banes\u00ebs s\u00eb k\u00ebtyre shtetasve jan\u00eb gjetur dhe sekuestruar n\u00eb cil\u00ebsin\u00eb e prov\u00ebs materiale disa fishek\u00eb luftarak.<\/p>\n<p>&nbsp;<\/p>\n<\/div>\n<div id=\"rekl-33\"><\/div>\n","protected":false},"excerpt":{"rendered":"<p>Disa dit\u00eb pas arrestimit t\u00eb dy v\u00ebllez\u00ebrve Muhaj n\u00eb Fier, t\u00eb cil\u00ebt dhunuan hall\u00ebn e tyre, n\u00eb pranga ka r\u00ebn\u00eb edhe v\u00eblla i tret\u00eb. Policia e Fierit ka arrestuar 21-vje\u00e7arin B. Muhaj, i cili ishte shpallur n\u00eb k\u00ebrkim, pasi kishte kanosur hall\u00ebn e tij 45-vje\u00e7are, Mirela Brakaj, t\u00eb t\u00ebrhiqte kall\u00ebzimin. 45-vje\u00e7arja u dhunua nga dy [&hellip;]<\/p>\n","protected":false},"author":2013,"featured_media":0,"comment_status":"open","ping_status":"closed","sticky":false,"template":"","format":"standard","meta":{"footnotes":""},"categories":[241,235],"tags":[],"class_list":{"0":"post-109415","1":"post","2":"type-post","3":"status-publish","4":"format-standard","6":"category-aktualitet","7":"category-vendi"},"_links":{"self":[{"href":"https:\/\/zjarr.tv\/sq\/wp-json\/wp\/v2\/posts\/109415","targetHints":{"allow":["GET"]}}],"collection":[{"href":"https:\/\/zjarr.tv\/sq\/wp-json\/wp\/v2\/posts"}],"about":[{"href":"https:\/\/zjarr.tv\/sq\/wp-json\/wp\/v2\/types\/post"}],"author":[{"embeddable":true,"href":"https:\/\/zjarr.tv\/sq\/wp-json\/wp\/v2\/users\/2013"}],"replies":[{"embeddable":true,"href":"https:\/\/zjarr.tv\/sq\/wp-json\/wp\/v2\/comments?post=109415"}],"version-history":[{"count":0,"href":"https:\/\/zjarr.tv\/sq\/wp-json\/wp\/v2\/posts\/109415\/revisions"}],"wp:attachment":[{"href":"https:\/\/zjarr.tv\/sq\/wp-json\/wp\/v2\/media?parent=109415"}],"wp:term":[{"taxonomy":"category","embeddable":true,"href":"https:\/\/zjarr.tv\/sq\/wp-json\/wp\/v2\/categories?post=109415"},{"taxonomy":"post_tag","embeddable":true,"href":"https:\/\/zjarr.tv\/sq\/wp-json\/wp\/v2\/tags?post=109415"}],"curies":[{"name":"wp","href":"https:\/\/api.w.org\/{rel}","templated":true}]}}