{"id":109418,"date":"2019-09-29T15:26:52","date_gmt":"2019-09-29T13:26:52","guid":{"rendered":"https:\/\/zjarr.tv\/?p=109418"},"modified":"2019-09-29T15:26:52","modified_gmt":"2019-09-29T13:26:52","slug":"beteja-per-kopshtin-botanik","status":"publish","type":"post","link":"https:\/\/zjarr.tv\/sq\/beteja-per-kopshtin-botanik\/","title":{"rendered":"Beteja p\u00ebr Kopshtin Botanik"},"content":{"rendered":"<p><em>Si u kthye ideja e Bashkis\u00eb s\u00eb Tiran\u00ebs p\u00ebr \u2018rim\u00ebk\u00ebmbjen e Kopshtit Botanik\u2019 n\u00eb nj\u00eb projekt p\u00ebr marrjen e pron\u00ebsis\u00eb nga Universiteti, edhe me ndihm\u00ebn e p\u00ebr\u00e7arjeve t\u00eb vjetra brenda Senatit.<\/em><\/p>\n<p><em>Pedagog\u00eb dhe studiues protestojn\u00eb kund\u00ebr planeve p\u00ebr transforimin e Kopshtit me vlera unikale.<\/em><\/p>\n<p><strong>Nga Vladimir Karaj-Birn<\/strong><\/p>\n<div id=\"rekl-13\">\n<div id=\"__sap-ad-15\" class=\"__sap-ads __sap-html tracked\" data-title=\"Credins desktop 08\"><ins><\/p>\n<div id=\"beacon_a5161b3f6d\"><\/div>\n<p><\/ins><\/div>\n<\/div>\n<p>N\u00eb tetor 2018, studiues t\u00eb botanik\u00ebs dhe biologjis\u00eb nga Fakulteti i Shkencave t\u00eb Natyr\u00ebs u entuziazmuan fillimisht nga nj\u00eb ftes\u00eb e kryetarit t\u00eb Bashkis\u00eb s\u00eb Tiran\u00ebs, Erion Veliaj p\u00ebr t\u00eb diskutuar mbi nj\u00eb marr\u00ebveshje q\u00eb do t\u00eb rim\u00ebk\u00ebmbte Kopshtin Botanik.<\/p>\n<p>Profesor\u00ebt kishin d\u00ebgjuar edhe m\u00eb her\u00ebt \u2018plane t\u00eb bukura\u2019, por n\u00eb takimin e nj\u00eb viti m\u00eb par\u00eb mbet\u00ebn t\u00eb shtangur p\u00ebrball\u00eb kushtit q\u00eb duhej t\u00eb hiqnin dor\u00eb prej pron\u00ebsis\u00eb.<\/p>\n<p>Profesor Doktor Petrit Hoda, drejtues i Kopshtit Botanik i tha BIRN se plani i Bashkis\u00eb p\u00ebr rim\u00ebk\u00ebmbjen rezultoi t\u00eb ishte\u00a0 \u2018marrja qyl\u2019 jo vet\u00ebm e pron\u00ebs fizike t\u00eb Universitetit t\u00eb Tiran\u00ebs, por edhe e pun\u00ebs intelektuale t\u00eb disa brezave, q\u00eb sipas tij \u2018nuk matet me para\u2019.<\/p>\n<p>\u2018Ne kjo nuk na p\u00eblqeu\u2026 Ne s\u2019mund ta honepsim, pranonim iden\u00eb q\u00eb bashkia t\u00eb merrte pron\u00ebsin\u00eb,\u2019 tha Hodo, i ulur n\u00eb nj\u00eb zyr\u00eb t\u00eb vog\u00ebl t\u00eb mobiluar me nj\u00eb tavolin\u00eb, nj\u00eb kompjuter dhe nj\u00eb bufe t\u00eb vjet\u00ebr dhe i rrethuar nga libra botanike dhe gazeta.<\/p>\n<p>Profesor\u00ebt e Shkencave t\u00eb Natyr\u00ebs, t\u00eb mb\u00ebshtetur edhe nga rektori i Universitetit t\u00eb Tiran\u00ebs, Mynyr Koni refuzuan nj\u00eb draft-marr\u00ebveshje me Bashkin\u00eb n\u00eb n\u00ebntor 2018, ku diktohej q\u00eb n\u00eb fillim ndryshimi i pron\u00ebsis\u00eb s\u00eb Kopshtit Botanik. Por n\u00ebnt\u00eb muaj pas refuzimit t\u00eb tyre, m\u00eb 17 korrik, K\u00ebshilli i Ministrave miratoi VKM-n\u00eb p\u00ebr kalimin e pron\u00ebsis\u00eb te Bashkia e Tiran\u00ebs.<\/p>\n<p>Beteja p\u00ebr Kopshtin Botanik \u00ebsht\u00eb rasti i fundit i nj\u00eb historie t\u00eb gjat\u00eb p\u00ebrplasjesh dhe shpron\u00ebsimesh t\u00eb universiteteve t\u00eb Tiran\u00ebs, n\u00eb favor t\u00eb qeveris\u00eb ose Bashkis\u00eb.<\/p>\n<p>Rektori i Universitetit t\u00eb Tiran\u00ebs, Mynyr Koni ka paditur n\u00eb Gjykat\u00ebn Administrative t\u00eb Apelit VKM-n\u00eb p\u00ebr Kopshtin Botanik si t\u00eb paligjshme, nd\u00ebrsa dekanati i Fakultetit t\u00eb Shkencave t\u00eb Natyr\u00ebs ka k\u00ebrkuar unanimisht \u2018t\u00ebrheqjen sa m\u00eb t\u00eb shpejt\u00eb t\u00eb VKM-s\u00eb\u2019.<\/p>\n<p>Universiteti \u00ebsht\u00eb megjithat\u00eb i p\u00ebr\u00e7ar\u00eb dhe p\u00ebrplasjet e brendshme e kan\u00eb dob\u00ebsuar betej\u00ebn p\u00ebr mbrojtjen e Kopshtit Botanik. Drejtues t\u00eb disa prej fakulteteve t\u00eb UT, p\u00ebrfshi ish-rektorin Dhori Kule dhe dekanin e Fakultetit t\u00eb Drejt\u00ebsis\u00eb, Artan Hoxha, nj\u00ebkoh\u00ebsisht pjes\u00eb e Senatit Akademik t\u00eb Universitetit akuzojn\u00eb rektorin Koni se nuk i kishte informuar p\u00ebr negociatat e m\u00ebparshme me Bashkin\u00eb.<\/p>\n<p>N\u00ebnkryetari i Bashkis\u00eb, Arbjan Mazniku i zhvler\u00ebsoi shqet\u00ebsimet e pedagog\u00ebve dhe i tha BIRN se universiteti do t\u00eb kishte t\u00eb gjith\u00eb hap\u00ebsir\u00ebn q\u00eb i duhej, nd\u00ebrsa bashkia do t\u00eb p\u00ebrdorte Botanikun vet\u00ebm n\u00eb koh\u00ebn q\u00eb ai nuk ishte i z\u00ebn\u00eb nga universiteti. I pyetur nga BIRN se pse i duhej pron\u00ebsia, Mazniku u p\u00ebrgjigj se\u00a0 \u2018Bashkia nuk mund t\u00eb b\u00ebj\u00eb investime t\u00eb qen\u00ebsishme pa qen\u00eb pronare\u2019.<\/p>\n<p><img decoding=\"async\" src=\"https:\/\/www.syri.net\/uploads\/syri.net\/images\/2019\/September\/29\/auto_Kopshti-Botanik-foto-2-533x4001569763203.jpg\" alt=\"Image\" \/><\/p>\n<p><strong>\u2018Nuk \u00ebsht\u00eb park\u2019<\/strong><\/p>\n<p>Historia e Kopshtit Botanik shkon pas n\u00eb vitin 1964, kur profesor Mustafa Demiri dhe nj\u00eb plejad\u00eb studiuesish t\u00eb tjer\u00eb e realizuan at\u00eb mbi nj\u00eb sip\u00ebrfaqe prej 15 hektar\u00ebsh n\u00eb jug t\u00eb qytetit t\u00eb Tiran\u00ebs. Kopshti u hap p\u00ebr publikun n\u00eb vitin 1971 dhe num\u00ebronte mbi 2 mij\u00eb varietete dhe lloje bim\u00ebsh.<\/p>\n<p>Pas viteve 2000, Kopshti Botanik u rrethua nga t\u00eb gjitha an\u00ebt nga pallate t\u00eb larta prej betoni, por hap\u00ebsira mbeti e paprekur deri n\u00eb vitin 2011, kur buldozer\u00ebt fshin\u00eb gati 1 hektar tok\u00eb p\u00ebr t\u2019i hapur vend nd\u00ebrtimit t\u00eb Unaz\u00ebs s\u00eb Re. Protestat n\u00eb at\u00eb koh\u00eb t\u00eb pedagog\u00ebve, shoq\u00ebris\u00eb civile dhe disa deputet\u00ebve t\u00eb Partis\u00eb Socialiste, tani n\u00eb pushtet, ran\u00eb n\u00eb vesh t\u00eb shurdh\u00ebr.<\/p>\n<p>P\u00ebrmes nj\u00eb vrime ilegale t\u00eb hapur n\u00eb rrethimin prej shufrash hekuri nga banor\u00ebt e zon\u00ebs p\u00ebr t\u00eb shkurtuar rrug\u00eb, Kopshti Botanik nuk ngjan se ka ndonj\u00eb dallim nga parqe t\u00eb tjera me pem\u00eb dhe shkurre. Bim\u00ebt e mbjella, rrugicat pjes\u00ebrish t\u00eb rr\u00ebnuara, that\u00ebsira q\u00eb ka vyshkur barin dhe rezervuari i thar\u00eb ku duken k\u00ebrcej t\u00eb holl\u00eb bim\u00ebsh uji t\u00eb japin p\u00ebrshtypjen e nj\u00eb parku me probleme.<\/p>\n<p>\u2018Kopshti Botanik nuk \u00ebsht\u00eb park,\u2019 p\u00ebrgjigjet prerazi profesor Hoda dhe nd\u00ebrsa sh\u00ebtit nga rrugicat n\u00eb kodrin\u00eb, tregon bim\u00ebt, emrat e tyre dhe arsyet pse ndodhen aty.<\/p>\n<p>Hoda shpjegon se barishtet q\u00eb mezi dallohen pas koh\u00ebs s\u00eb lul\u00ebzimit, jan\u00eb aty sepse jan\u00eb t\u00eb rralla dhe jo sepse jan\u00eb t\u00eb bukura. Ai tregon me gisht vende ku jan\u00eb mbjell\u00eb bim\u00eb q\u00eb duan gur\u00eb, bim\u00eb q\u00eb gjenden vet\u00ebm n\u00eb territore mjaft t\u00eb vogla t\u00eb vendit dhe bim\u00eb q\u00eb renditen sipas nj\u00eb modeli, q\u00eb p\u00ebr nj\u00eb vizitor t\u00eb pam\u00ebsuar \u00ebsht\u00eb i pamundur t\u00eb dallohet.<\/p>\n<p>N\u00eb kodr\u00ebn ku pretendohet t\u00eb kaloj\u00eb nj\u00eb tunel si projekt i Bashkis\u00eb q\u00eb do ta lidh\u00eb at\u00eb me parkun Zoologjik, Hoda thot\u00eb se ndodhet nj\u00eb mini-Shqip\u00ebri.<\/p>\n<p>\u2018Jan\u00eb t\u00eb gjitha bim\u00ebt t\u00eb renditura sipas brezave t\u00eb flor\u00ebs n\u00eb vend. Ne i marrim bim\u00ebt n\u00eb vendet e origjin\u00ebs (in-situ) dhe i sjellim k\u00ebt\u00eb (ex-situ) n\u00eb m\u00ebnyr\u00eb q\u00eb student\u00ebt dhe gjithkush t\u00eb ket\u00eb mund\u00ebsi t\u2019i vizitoj\u00eb,\u2019 thot\u00eb Hoda. Profesori e ka me merak t\u00eb shpjegoj\u00eb se bim\u00ebt nuk jan\u00eb t\u00eb kultivuara dhe p\u00ebr nj\u00eb varietet t\u00eb caktuar marrin n\u00eb male dhjet\u00ebra fidan\u00eb dhe punojn\u00eb me shpres\u00ebn q\u00eb vet\u00ebm pak prej tyre mund t\u00eb shp\u00ebtojn\u00eb.<\/p>\n<p>Profesori i Botanik\u00ebs n\u00eb Fakultetin e Shkencave t\u00eb Natyr\u00ebs,\u00a0 Aleko Miho i tha BIRN se ndryshimi i pron\u00ebsis\u00eb vinte n\u00eb rrezik karakterin shkencor t\u00eb kopshtit p\u00ebr t\u00eb cilin tha se \u2018nuk mund t\u00eb administrohej nga pun\u00ebtor\u00ebt e gjelb\u00ebrimit\u2019.<\/p>\n<p>\u2018Bashkia mund t\u00eb ket\u00eb n\u00eb mendje t\u00eb ngrej\u00eb nj\u00eb grup k\u00ebrkimor t\u00eb vetin e t\u00eb kujdeset fjala vjen p\u00ebr tulipa albanica, bulbet e saj ku jan\u00eb e ku s\u2019jan\u00eb, t\u2019i marr\u00eb e t\u2019i \u00e7oj\u00eb atje,\u2019 tha Miho.<\/p>\n<p>\u2018N\u00eb nj\u00eb vend t\u00eb vog\u00ebl si Shqip\u00ebria, q\u00eb ka nj\u00eb tradit\u00eb tani pran\u00eb universitetit, nuk i kushton asgj\u00eb bashkis\u00eb -n\u00eb vend q\u00eb t\u00eb ngrej\u00eb grupin e saj- t\u00eb ndihmoj\u00eb universitetin,\u2019 shtoi ai, duke k\u00ebmb\u00ebngulur se kjo ndihm\u00eb nuk do ishte m\u00ebshir\u00eb, pasi bashkia e Tiran\u00ebs ka p\u00ebr detyr\u00eb t\u00eb ndihmoj\u00eb UT ashtu si\u00e7 b\u00ebn me shkollat e arsimit parauniversitar.<\/p>\n<p>N\u00ebnkryetari i Bashkis\u00eb s\u00eb Tiran\u00ebs, Arbjan Mazniku k\u00ebmb\u00ebngul se bashkia nuk do e cenoj\u00eb karakterin shkencor t\u00eb kopshtit dhe premton se investimet do t\u00eb nd\u00ebrtojn\u00eb sera, rezervuarin e bim\u00ebve t\u00eb ujit dhe do t\u00eb rregullojn\u00eb rrugicat. Mazniku thot\u00eb se e vetmja gj\u00eb q\u00eb k\u00ebrkonte bashkia duke marr\u00eb pron\u00ebsin\u00eb, ishte q\u00eb kopshti ve\u00e7 funksioneve q\u00eb ka sot, t\u00eb kthehej n\u00eb nj\u00eb pik\u00eb rekreative p\u00ebr qytetin, n\u00eb koh\u00ebn q\u00eb universiteti nuk e p\u00ebrdorte p\u00ebr m\u00ebsim apo studime.<\/p>\n<p>\u2018Kjo do t\u00eb mund\u00ebsonte q\u00eb Kopshti Botanik t\u00eb mos jet\u00eb nj\u00eb cep i l\u00ebn\u00eb n\u00eb harres\u00eb, me pem\u00eb t\u00eb pa krasitura,\u2019 tha Mazniku.<\/p>\n<p>Por nd\u00ebrsa kjo ide duket \u2018e pafajshme\u2019, as Hoda dhe as Miho nuk e kap\u00ebrdijn\u00eb dot.<\/p>\n<p>\u2018Un\u00eb e di q\u00eb ata mund ta b\u00ebjn\u00eb kopshtin shum\u00eb t\u00eb mir\u00eb, por do ta b\u00ebjn\u00eb me tr\u00ebndafila, karafila, pisha, bredha, qiparisa, e ku di un\u00eb g\u00ebshtenja kali, t\u00eb cilat n\u00eb aspektin \u00e7lodh\u00ebs jan\u00eb shum\u00eb t\u00eb bukura dhe p\u00ebr qytetar\u00ebt e Tiran\u00ebs vlejn\u00eb. Por ne kemi q\u00ebllime t\u00eb tjera,\u2019 thot\u00eb drejtuesi i Botanikut, duke i m\u00ebshuar r\u00ebnd\u00ebsis\u00eb s\u00eb bim\u00ebve t\u00eb rralla dhe endemike.<\/p>\n<p>\u2018K\u00ebtu \u00e7do bim\u00eb q\u00eb \u00ebsht\u00eb mbjell\u00eb ka mbrapa nj\u00eb ide funksionale. N\u00ebse do kthehet n\u00eb park urban, \u00ebsht\u00eb nj\u00eb gj\u00eb q\u00eb e ndryshon komplet,\u2019 bie dakord profesor Miho.<\/p>\n<p><img decoding=\"async\" src=\"https:\/\/www.syri.net\/uploads\/syri.net\/images\/2019\/September\/29\/auto_Arbian-Mazniku-dhe-Dhori-Kule-533x4001569763239.jpg\" alt=\"Image\" \/><\/p>\n<p><strong>\u2018P\u00ebr\u00e7a e sundo\u2019 brenda Senatit<\/strong><\/p>\n<p>Kalimi i Kopshtit Botanik n\u00ebn var\u00ebsin\u00eb e Bashkis\u00eb s\u00eb Tiran\u00ebs u paralajm\u00ebrua nga kryebashkiaku Veliaj n\u00eb qershor, gjat\u00eb nj\u00eb takimi elektoral n\u00eb prani t\u00eb kryeministrit Edi Rama. Veliaj tha aty se p\u00ebr bashkimin mes Zoologjikut dhe Botanikut kishte dakord\u00ebsi\u2019 me dekanin e Shkencave t\u00eb Natyr\u00ebs\u2019.<\/p>\n<p>P\u00ebrkund\u00ebr pretendimit t\u00eb kryebashkiakut, dekanati i Fakultetit t\u00eb Shkencave t\u00eb Natyr\u00ebs reagoi \u2018unanimisht kund\u00ebr\u2019 VKM-s\u00eb n\u00eb nj\u00eb deklarat\u00eb p\u00ebr shtyp, i mb\u00ebshtetur edhe nga rektori Mynyr Koni.<\/p>\n<p>\u00c7\u00ebshtja kaloi p\u00ebr diskutim n\u00eb Senatin e Universitetit t\u00eb Tiran\u00ebs, i cili drejtohet nga Koni dhe ka n\u00eb p\u00ebrb\u00ebrje dekan\u00ebt e 6 fakulteteve si dhe nga 4 an\u00ebtar\u00eb dhe 4 student\u00eb p\u00ebr \u00e7do fakultet. Por pas dy mbledhjeve t\u00eb Senatit, rektori Koni u dor\u00ebzua dhe deklaroi n\u00eb nj\u00eb komunikat\u00eb t\u00eb shp\u00ebrndar\u00eb m\u00eb 19 shtator se Senati nuk dilte dot me nj\u00eb q\u00ebndrim t\u00eb p\u00ebrbashk\u00ebt p\u00ebr Botanikun.<\/p>\n<p>Por m\u00eb 23 shtator, kur vendi ishte ende i mb\u00ebrthyer nga paniku p\u00ebr t\u00ebrmetet, nj\u00eb pjes\u00eb e senatit t\u00eb UT u mblodh n\u00eb munges\u00eb t\u00eb rektorit dhe n\u00eb prani t\u00eb n\u00ebnkryetarit t\u00eb Bashkis\u00eb, Arbjan Mazniku p\u00ebr t\u00eb diskutuar mbi Kopshtin Botanik.<\/p>\n<p>I pranish\u00ebm n\u00eb rektorat m\u00eb 23 shtator, BIRN evidentoi nj\u00eb ndarje t\u00eb thell\u00eb mes pal\u00ebve, nd\u00ebrkoh\u00eb q\u00eb p\u00ebrve\u00e7 Konit mungonin n\u00eb mbledhje edhe dekani e p\u00ebrfaq\u00ebsuesit e Fakultetit t\u00eb Shkencave t\u00eb Natyr\u00ebs, t\u00eb Histori-Filologjis\u00eb si dhe disa prej p\u00ebrfaq\u00ebsuesve t\u00eb Shkencave Sociale dhe Gjuh\u00ebve t\u00eb Huaja.<\/p>\n<p>I pyetur nga BIRN, Eltjon Halimi, an\u00ebtar i Senatit t\u00eb UT nga Fakulteti i Shkencave t\u00eb Natyr\u00ebs tha se nuk kishte pasur njoftim p\u00ebr mbledhje nga kryetari i Senatit t\u00eb UT, nj\u00ebkoh\u00ebsisht rektori. N\u00eb diskutimet mbi fatin e Botanikut ishin t\u00eb pranish\u00ebm dekani i Ekonomikut, Dhori Kule, ai i Drejt\u00ebsis\u00eb, Artan Hoxha, dekani i Gjuh\u00ebve t\u00eb Huaja, Artur Sula, dekani i Shkencave Sociale dhe disa p\u00ebrfaq\u00ebsues t\u00eb tjer\u00eb t\u00eb senatit.<\/p>\n<p>Edhe pse brenda sall\u00ebs nuk po diskutohej asgj\u00eb sekrete, BIRN nuk u lejua t\u00eb ndiqte mbledhjen.\u00a0 Madje dy her\u00eb nga nj\u00eb roje q\u00eb ruante der\u00ebn, u k\u00ebrkua q\u00eb t\u00eb mos q\u00ebndronim n\u00eb korridor pasi \u2018k\u00ebshtu kishte th\u00ebn\u00eb shefi\u2019.<\/p>\n<p>Pas gati dy or\u00ebsh mbledhje, Mazniku doli i pari nga salla dhe pasi nuk pranoi t\u00eb fliste n\u00eb ambientet e rektoratit, tha jasht\u00eb godin\u00ebs se aty kishte qen\u00eb i ftuar. I pyetur p\u00ebr planet e Bashkis\u00eb, ai deklaroi se do t\u00eb b\u00ebheshin vet\u00ebm n\u00eb konsultim me universitetin.<\/p>\n<p>\u2018Plani i Bashkis\u00eb nuk e d\u00ebmton universitetin dhe as pun\u00ebn shkencore t\u00eb b\u00ebr\u00eb n\u00eb Botanik. Universiteti ruan t\u00eb gjitha funksionet q\u00eb ka sot. Garantojm\u00eb q\u00eb \u00ebsht\u00eb e paprekshme,\u2019 tha Mazniku p\u00ebr BIRN.<\/p>\n<p>Dekani i Fakultetit t\u00eb Drejt\u00ebsis\u00eb, Artan Hoxha e konsideroi takimin me Maznikun \u2018normal dhe t\u00eb nevojsh\u00ebm p\u00ebr t\u2019u informuar\u2019, nd\u00ebrsa shtoi se universiteti nuk humbiste asnj\u00eb pron\u00eb.<\/p>\n<p>\u2018Nuk ishim njoftuar as nga rektori, as nga dekani i Fakultetit t\u00eb Shkencave p\u00ebr bisedimet mes tyre dhe bashkis\u00eb. Senati \u00ebsht\u00eb trup\u00eb vendimmarr\u00ebse sa i p\u00ebrket pronave t\u00eb universitetit, por nuk kishte asnj\u00eb informacion,\u2019 tha Hoxha p\u00ebr BIRN.<\/p>\n<p>\u2018Nuk jam as pro as kund\u00ebr n\u00eb k\u00ebt\u00eb moment, ne thjesht\u00eb po informohemi,\u2019 shtoi ai.<\/p>\n<p>Ish-rektori i UT, tani dekan i Fakultetit Ekonomik, Dhori Kule ishte m\u00eb qart\u00eb n\u00eb favor t\u00eb propozimit.<\/p>\n<p>\u2018Nuk ka ndryshim pron\u00ebsie. Nuk humb asgj\u00eb universiteti. Kjo \u00ebsht\u00eb pron\u00eb e shtetit dhe nga pushteti qendror kalon n\u00eb at\u00eb lokal,\u2019 tha Kule n\u00eb nj\u00eb bised\u00eb t\u00eb shkurt\u00ebr n\u00eb rrug\u00eb pas takimit. \u2018Universiteti do t\u00eb p\u00ebrfitoj\u00eb nga kjo.\u00a0 Un\u00eb mendoj q\u00eb \u00ebsht\u00eb nj\u00eb mund\u00ebsi p\u00ebr univesitetin\u2019, shtoi ai.<\/p>\n<p>Rektori Mynyr Koni e quajti \u2018nj\u00eb turp\u2019 takimin me Maznikun n\u00eb nj\u00eb intervist\u00eb p\u00ebr BIRN, nd\u00ebrsa shtoi se kishte hequr dor\u00eb nga bindja e Senatit. Ai pretendon se VKM-ja p\u00ebr kalimin e pron\u00ebsis\u00eb \u00ebsht\u00eb e paligjshme dhe se tanim\u00eb zgjidhjen e pret nga gjykata.<\/p>\n<p>Rektori Koni kund\u00ebrshton edhe pretendimet se ndryshimi i pron\u00ebsis\u00eb nuk e penalizonte Universitetin.<\/p>\n<p>\u2018Nd\u00ebrsa deri dje ishte bashkia q\u00eb k\u00ebrkonte t\u00eb arrinte nj\u00eb marr\u00ebveshje me UT, tani ky i fundit, i zhveshur nga pron\u00ebsia \u00ebsht\u00eb i detyruar t\u2019i k\u00ebrkoj\u00eb bashkis\u00eb marr\u00ebveshje p\u00ebr hap\u00ebsira t\u00eb m\u00ebsimit dhe k\u00ebrkimin shkencor n\u00eb institucionin q\u00eb u themelua prej pedagog\u00ebve t\u00eb tij p\u00ebr k\u00ebt\u00eb q\u00ebllim n\u00eb vitin 1965,\u2019 tha Koni.<\/p>\n<p>Koni kund\u00ebrshton edhe pretendimin e Bashkis\u00eb s\u00eb Tiran\u00ebs se nuk mund t\u00eb kryej\u00eb investime pa qen\u00eb \u2018de jure\u2019 pronare. Duke cituar ligjin p\u00ebr Arsimin e Lart\u00eb, q\u00eb sipas tij \u00ebsht\u00eb shkelur n\u00eb kalimin e pron\u00ebsis\u00eb nga UT te bashkia, Koni thot\u00eb se n\u00eb t\u00eb parashikohet mund\u00ebsia q\u00eb pushteti lokal t\u00eb investoj\u00eb n\u00eb universitetet q\u00eb ndodhen n\u00eb territorin e tij.<\/p>\n<p>\u2018N\u00eb rast se investimi \u00ebsht\u00eb sa 10 p\u00ebr qind e buxhetit afatmes\u00ebm t\u00eb universitetit, pra i qen\u00ebsish\u00ebm, ligji i jep Bashkis\u00eb t\u00eb drejt\u00ebn e pasjes s\u00eb nj\u00eb administratori n\u00eb Bordin e Administrimit,\u2019 shpjegoi Koni.<\/p>\n<p>Profesori i Botanik\u00ebs, Aleko Miho \u2013 d\u00ebshmitar n\u00eb mbledhjet e para t\u00eb Senatit t\u00eb zhvilluara p\u00ebr k\u00ebt\u00eb \u00e7\u00ebshtje, i tha BIRN se debati nuk u zhvillua fare rreth Kopshtit. Miho tha se diskutimi ishte p\u00ebrq\u00ebndruar kryesisht n\u00eb g\u00ebrricjet e vjetra mes dekan\u00ebve t\u00eb UT-s\u00eb dhe rektorit.<\/p>\n<p>\u2018Megjithat\u00eb ishte e qart\u00eb se nj\u00eb pjes\u00eb e Senatit mb\u00ebshtesnin projektin e bashkis\u00eb dhe flisnin n\u00eb mbrojtje t\u00eb tij,\u2019 tha Miho.<\/p>\n<p>Ministria e Arsimit dhe e Sportit, e cila sipas rektorit \u00ebsht\u00eb ministria propozuese e VKM-s\u00eb p\u00ebr ndryshimin e pron\u00ebsis\u00eb, nuk iu p\u00ebrgjigj pyetjeve t\u00eb BIRN mbi k\u00ebt\u00eb \u00e7\u00ebshtje deri n\u00eb publikimin e k\u00ebtij shkrimi.<\/p>\n<p><img decoding=\"async\" src=\"https:\/\/www.syri.net\/uploads\/syri.net\/images\/2019\/September\/29\/auto_Profesor-Petrit-Hodo-duke-rrefyer-bimet-533x4001569763204.jpg\" alt=\"Image\" \/><\/p>\n<p><strong>Seria e shpron\u00ebsimeve<\/strong><\/p>\n<p>Pron\u00ebsia e Kopshtit Botanik nuk \u00ebsht\u00eb i vetmi rast p\u00ebrplasje mes qeveris\u00eb dhe bashkis\u00eb s\u00eb Tiran\u00ebs, me universitetet q\u00eb ndodhen n\u00eb kryeqytet. M\u00eb her\u00ebt, Universiteti Bujq\u00ebsor protestoi kund\u00ebr projektit t\u00eb Bashkis\u00eb p\u00ebr t\u00eb nd\u00ebrtuar nj\u00eb shkoll\u00eb n\u00eb hyrje t\u00eb kampusit universitar; por e humbi betej\u00ebn dhe bashkia vijoi projektin e saj.<\/p>\n<p>Fakulteti i Shkencave u shpron\u00ebsua vite m\u00eb par\u00eb nga Muzeu i Shkencave t\u00eb Natyr\u00ebs, i cili u zhvendos n\u00eb nj\u00eb godin\u00eb tre her\u00eb m\u00eb t\u00eb vog\u00ebl. Nj\u00eb pjes\u00eb e kopshtit botanik po ashtu u shkat\u00ebrrua n\u00eb favor t\u00eb kalimit t\u00eb \u2018Unaz\u00ebs s\u00eb Re\u2019<\/p>\n<p>Vendime t\u00eb tjera t\u00eb qeveris\u00eb i kan\u00eb marr\u00eb Universitetit m\u00eb her\u00ebt prona t\u00eb ndryshme n\u00eb kryeqytet, p\u00ebrfshi edhe mjediset e dy laborator\u00ebve t\u00eb bioteknologjis\u00eb, q\u00eb ndodheshin aty ku tani \u00ebsht\u00eb \u2018Art Turbina\u2019.<\/p>\n<p>E vetmja betej\u00eb e fituar nga Universiteti \u00ebsht\u00eb ajo p\u00ebr godin\u00ebn e Gjeologji-Minierave, e planifikuar p\u00ebr t\u2019u b\u00ebr\u00eb Pallat Drejt\u00ebsie-por qeveria u t\u00ebrhoq pas protestave.<\/p>\n<p>Drejtuesi i Kopshtit Botanik, Petrit Hoda thot\u00eb se profesor\u00ebt e kan\u00eb ruajtur nd\u00ebr vite me fanatiz\u00ebm at\u00eb cep t\u00eb gjelb\u00ebr t\u00eb Tiran\u00ebs, me shpres\u00ebn se dikush do t\u00eb kujtohej si\u00e7 duhet p\u00ebr kopshtin sipas tij me vlera unikale. Ai shton megjithat\u00eb se kalimi i autostrad\u00ebs e d\u00ebmtoi r\u00ebnd\u00eb Botanikun.<\/p>\n<p>\u2018Ne b\u00ebm\u00eb shum\u00eb luft\u00eb, sepse n\u00eb fillim aksi autostrad\u00ebs kalonte k\u00ebtu (n\u00eb zyrat ku ndodhemi). Ne b\u00ebm\u00eb shum\u00eb luft\u00eb dhe kaloi dhe mori vet\u00ebm nj\u00eb pjes\u00eb,\u2019kujton Hoda.<\/p>\n<p>P\u00ebrmes nj\u00eb VKM-je n\u00eb vitin 2011, qeveria Berisha i dha kopshtit \u2018plot 200 mij\u00eb lek\u00eb \u2018p\u00ebr zhvendosje eventuale t\u00eb vlerave t\u00eb flor\u00ebs\u2019, q\u00eb prekeshin nga nd\u00ebrtimi. Nj\u00eb godin\u00eb dykat\u00ebshe, dhurat\u00eb e nj\u00eb ambasade t\u00eb huaj, q\u00eb sh\u00ebrbente si sall\u00eb leksionesh dhe magazin\u00eb p\u00ebr ruajtje farash e bim\u00ebsh, u shkat\u00ebrrua pa d\u00ebmshp\u00ebrblim.<\/p>\n<p>Hoda thot\u00eb se megjith\u00ebse n\u00eb letra ishin b\u00ebr\u00eb procedurat, Kopshti Botanik nuk mori asnj\u00eb d\u00ebmshp\u00ebrblim. Po ashtu, k\u00ebrkesat n\u00eb vite t\u00eb kopshtit p\u00ebr uj\u00eb vadit\u00ebs, riparim t\u00eb nj\u00eb pellgu t\u00eb vog\u00ebl p\u00ebr bim\u00ebt ujore apo p\u00ebrmir\u00ebsim t\u00eb serave, nuk mor\u00ebn p\u00ebrgjigje.<\/p>\n<p>Profesori i Botanik\u00ebs, Aleko Miho pranon se Botaniku n\u00eb nj\u00eb far\u00eb m\u00ebnyre \u00ebsht\u00eb nj\u00eb \u2018barr\u00eb p\u00ebr universitetin\u2019, t\u00eb cilit nuk i jepen fonde p\u00ebr ta mir\u00ebmbajtur. Nd\u00ebrsa shton se ajo \u00ebsht\u00eb nj\u00eb nj\u00ebsi unike komb\u00ebtare, Miho pranon gjithashtu se d\u00ebshira e mir\u00eb dhe investimet e Bashkis\u00eb mund ta rim\u00ebk\u00ebmbnin Kopshtin.<\/p>\n<p>\u2018Pse duhet l\u00ebvizur pron\u00ebsia?!\u2019, pyet Miho me mosbesim. \u2018Bashkia e ka m\u00eb kollaj q\u00eb t\u00eb thot\u00eb (nes\u00ebr) k\u00ebt\u00eb hap\u00ebsir\u00eb ta p\u00ebrdor\u00eb p\u00ebr pun\u00eb t\u00eb tjera dhe do t\u2019ua nd\u00ebrtoj kopshtin atje p\u00ebrtej. K\u00ebt\u00eb b\u00ebn\u00eb me muzeun [Muzeun e Shkencave t\u00eb Natyr\u00ebs]\u2019.<\/p>\n<p>Profesor\u00ebt e Shkencave t\u00eb Natyr\u00ebs akuzojn\u00eb Bashkin\u00eb, pa dallime se kush ka qen\u00eb n\u00eb krye, se ka lejuar zaptimin e hap\u00ebsirave t\u00eb universitetit n\u00eb vite, nd\u00ebrsa n\u00eb forma t\u00eb ndryshme UT i jan\u00eb marr\u00eb godina dhe prona q\u00eb m\u00eb pas kan\u00eb shkuar p\u00ebr t\u00eb tret\u00eb.<\/p>\n<p>\u2018Ka shum\u00eb shembuj q\u00eb me pron\u00ebsin\u00eb \u00ebsht\u00eb luajtur. Muzeu i Shkencave q\u00eb ishte n\u00eb Rrug\u00ebn e Kavaj\u00ebs, kishte nj\u00eb hap\u00ebsir\u00eb shum\u00eb t\u00eb mir\u00eb, u hoq andej dhe u d\u00ebrgua te Tregu Elektrik. Ishte 4500 metra dhe u b\u00eb 1500 metra,\u2019 kujton profesor Miho.<\/p>\n<p>Duke e marr\u00eb si shembull t\u00eb preksh\u00ebm t\u00eb ndryshimit t\u00eb pron\u00ebsis\u00eb, Miho pohon se shum\u00eb prej objekteve t\u00eb Muzeut t\u00eb Shkencave t\u00eb Natyr\u00ebs humb\u00ebn, nd\u00ebrsa t\u00eb tjera jan\u00eb thuajse t\u00eb pavizitueshme.<\/p>\n","protected":false},"excerpt":{"rendered":"<p>Si u kthye ideja e Bashkis\u00eb s\u00eb Tiran\u00ebs p\u00ebr \u2018rim\u00ebk\u00ebmbjen e Kopshtit Botanik\u2019 n\u00eb nj\u00eb projekt p\u00ebr marrjen e pron\u00ebsis\u00eb nga Universiteti, edhe me ndihm\u00ebn e p\u00ebr\u00e7arjeve t\u00eb vjetra brenda Senatit. Pedagog\u00eb dhe studiues protestojn\u00eb kund\u00ebr planeve p\u00ebr transforimin e Kopshtit me vlera unikale. Nga Vladimir Karaj-Birn N\u00eb tetor 2018, studiues t\u00eb botanik\u00ebs dhe biologjis\u00eb [&hellip;]<\/p>\n","protected":false},"author":2013,"featured_media":0,"comment_status":"open","ping_status":"closed","sticky":false,"template":"","format":"standard","meta":{"footnotes":""},"categories":[241,235],"tags":[],"class_list":{"0":"post-109418","1":"post","2":"type-post","3":"status-publish","4":"format-standard","6":"category-aktualitet","7":"category-vendi"},"_links":{"self":[{"href":"https:\/\/zjarr.tv\/sq\/wp-json\/wp\/v2\/posts\/109418","targetHints":{"allow":["GET"]}}],"collection":[{"href":"https:\/\/zjarr.tv\/sq\/wp-json\/wp\/v2\/posts"}],"about":[{"href":"https:\/\/zjarr.tv\/sq\/wp-json\/wp\/v2\/types\/post"}],"author":[{"embeddable":true,"href":"https:\/\/zjarr.tv\/sq\/wp-json\/wp\/v2\/users\/2013"}],"replies":[{"embeddable":true,"href":"https:\/\/zjarr.tv\/sq\/wp-json\/wp\/v2\/comments?post=109418"}],"version-history":[{"count":0,"href":"https:\/\/zjarr.tv\/sq\/wp-json\/wp\/v2\/posts\/109418\/revisions"}],"wp:attachment":[{"href":"https:\/\/zjarr.tv\/sq\/wp-json\/wp\/v2\/media?parent=109418"}],"wp:term":[{"taxonomy":"category","embeddable":true,"href":"https:\/\/zjarr.tv\/sq\/wp-json\/wp\/v2\/categories?post=109418"},{"taxonomy":"post_tag","embeddable":true,"href":"https:\/\/zjarr.tv\/sq\/wp-json\/wp\/v2\/tags?post=109418"}],"curies":[{"name":"wp","href":"https:\/\/api.w.org\/{rel}","templated":true}]}}