{"id":109421,"date":"2019-09-29T16:33:04","date_gmt":"2019-09-29T14:33:04","guid":{"rendered":"https:\/\/zjarr.tv\/?p=109421"},"modified":"2019-09-29T16:33:04","modified_gmt":"2019-09-29T14:33:04","slug":"diell-shi-dhe-rrufe-si-parashikohet-moti-per-javen-e-ardhshme","status":"publish","type":"post","link":"https:\/\/zjarr.tv\/sq\/diell-shi-dhe-rrufe-si-parashikohet-moti-per-javen-e-ardhshme\/","title":{"rendered":"Diell, shi dhe rrufe\/ Si parashikohet moti p\u00ebr jav\u00ebn e ardhshme"},"content":{"rendered":"<p>Muaji tetor nis me temperatura pranverore, por pa munges\u00ebn e reshjeve t\u00eb shiut.<\/p>\n<p>Ky \u00ebsht\u00eb parashikimi i Sh\u00ebrbimit Meteorologjik Ushtarak p\u00ebr jav\u00ebn e ardhshme.<\/p>\n<div id=\"rekl-28\"><\/div>\n<p>Sipas SHMU, gjat\u00eb dit\u00ebs s\u00eb enjte dhe t\u00eb premte,<\/p>\n<div id=\"rekl-13\">\n<div id=\"__sap-ad-15\" class=\"__sap-ads __sap-html tracked\" data-title=\"Credins desktop 08\"><ins><\/p>\n<div id=\"beacon_002d565b61\"><\/div>\n<p><\/ins><\/div>\n<\/div>\n<p>n\u00eb zonat bregdetare dhe Ult\u00ebsir\u00ebn Per\u00ebndimore reshje shiu me intesitet deri t\u00eb lart\u00eb n\u00eb form\u00ebn e shtr\u00ebngatave, stuhive dhe rrebesheve shoq\u00ebruar me shkarkesa elektrike. E gjith\u00eb kjo situat\u00eb do t\u00eb shoq\u00ebrohet edhe me er\u00eb t\u00eb vrullshme deri n\u00eb 28m\/sek.<\/p>\n<p><strong>Por si do t\u00eb jen\u00eb 5 dit\u00ebt e ardhshme n\u00eb t\u00eb gjitha qytetet e vendit? Ja parashikimi i detajuar i SHMU:<\/strong><\/p>\n<p>Dita e hen\u00eb do t\u00eb nis\u00eb e kthjellt\u00eb e n\u00eb mesdit\u00eb zhvillim t\u00eb vran\u00ebsirave duke u pasuar nga reshje shiu t\u00eb karakterit lokal pergjat\u00eb relieveve malore n\u00eb Veriper\u00ebndim dhe qend\u00ebr t\u00eb vendit.<\/p>\n<p>Dit\u00ebn e mart\u00eb do t\u00eb mbiozot\u00ebroj mot i kthjell\u00ebt.<\/p>\n<p>Dita e m\u00ebrkur\u00eb do t\u00eb nis\u00eb me kthjellime, n\u00eb pasdite e kryesisht n\u00eb mbr\u00ebmje shtim vran\u00ebsirash deri t\u00eb dendura.<\/p>\n<p>Dit\u00ebn e enjte dhe t\u00eb premten do t\u00eb dominoj mot i vran\u00ebt.<\/p>\n<p>Reshjet e shiut do t\u00eb jen\u00eb t\u00eb her\u00ebpasher\u00ebshme me intesitet deri mesatar.<\/p>\n<p>N\u00eb zonat bregdetare dhe Ult\u00ebsir\u00ebn Per\u00ebndimore reshje shiu me intesitet deri t\u00eb lart\u00eb n\u00eb form\u00ebn e shtr\u00ebngatave, stuhive dhe rrebesheve shoq\u00ebruar me shkarkesa elektrike. E gjith\u00eb kjo situat\u00eb do t\u00eb shoq\u00ebrohet edhe me er\u00eb t\u00eb vrullshme deri n\u00eb 28m\/sek.<\/p>\n<p>P\u00ebrsa i p\u00ebrket fush\u00ebs termike m\u00ebngjeset e mbr\u00ebmjet do t\u00eb jen\u00eb t\u00eb fresk\u00ebta, por r\u00ebnia m\u00eb e ndjeshme do t\u00eb jet\u00eb dit\u00ebn e premte n\u00eb vlerat e mesdit\u00ebs.<\/p>\n","protected":false},"excerpt":{"rendered":"<p>Muaji tetor nis me temperatura pranverore, por pa munges\u00ebn e reshjeve t\u00eb shiut. Ky \u00ebsht\u00eb parashikimi i Sh\u00ebrbimit Meteorologjik Ushtarak p\u00ebr jav\u00ebn e ardhshme. Sipas SHMU, gjat\u00eb dit\u00ebs s\u00eb enjte dhe t\u00eb premte, n\u00eb zonat bregdetare dhe Ult\u00ebsir\u00ebn Per\u00ebndimore reshje shiu me intesitet deri t\u00eb lart\u00eb n\u00eb form\u00ebn e shtr\u00ebngatave, stuhive dhe rrebesheve shoq\u00ebruar me [&hellip;]<\/p>\n","protected":false},"author":2013,"featured_media":107044,"comment_status":"open","ping_status":"closed","sticky":false,"template":"","format":"standard","meta":{"footnotes":""},"categories":[241,235],"tags":[],"class_list":{"0":"post-109421","1":"post","2":"type-post","3":"status-publish","4":"format-standard","5":"has-post-thumbnail","7":"category-aktualitet","8":"category-vendi"},"_links":{"self":[{"href":"https:\/\/zjarr.tv\/sq\/wp-json\/wp\/v2\/posts\/109421","targetHints":{"allow":["GET"]}}],"collection":[{"href":"https:\/\/zjarr.tv\/sq\/wp-json\/wp\/v2\/posts"}],"about":[{"href":"https:\/\/zjarr.tv\/sq\/wp-json\/wp\/v2\/types\/post"}],"author":[{"embeddable":true,"href":"https:\/\/zjarr.tv\/sq\/wp-json\/wp\/v2\/users\/2013"}],"replies":[{"embeddable":true,"href":"https:\/\/zjarr.tv\/sq\/wp-json\/wp\/v2\/comments?post=109421"}],"version-history":[{"count":0,"href":"https:\/\/zjarr.tv\/sq\/wp-json\/wp\/v2\/posts\/109421\/revisions"}],"wp:featuredmedia":[{"embeddable":true,"href":"https:\/\/zjarr.tv\/sq\/wp-json\/wp\/v2\/media\/107044"}],"wp:attachment":[{"href":"https:\/\/zjarr.tv\/sq\/wp-json\/wp\/v2\/media?parent=109421"}],"wp:term":[{"taxonomy":"category","embeddable":true,"href":"https:\/\/zjarr.tv\/sq\/wp-json\/wp\/v2\/categories?post=109421"},{"taxonomy":"post_tag","embeddable":true,"href":"https:\/\/zjarr.tv\/sq\/wp-json\/wp\/v2\/tags?post=109421"}],"curies":[{"name":"wp","href":"https:\/\/api.w.org\/{rel}","templated":true}]}}