{"id":109427,"date":"2019-09-29T18:30:49","date_gmt":"2019-09-29T16:30:49","guid":{"rendered":"https:\/\/zjarr.tv\/?p=109427"},"modified":"2019-09-29T17:51:49","modified_gmt":"2019-09-29T15:51:49","slug":"ajova-dhe-kosova-miqesia-qe-mposhti-distancen","status":"publish","type":"post","link":"https:\/\/zjarr.tv\/sq\/ajova-dhe-kosova-miqesia-qe-mposhti-distancen\/","title":{"rendered":"Ajova dhe Kosova, miq\u00ebsia q\u00eb mposhti distanc\u00ebn"},"content":{"rendered":"<p>Filloi si bashk\u00ebpunim ushtarak midis Gard\u00ebs Komb\u00ebtare t\u00eb Ajov\u00ebs dhe Forces s\u00eb Siguris\u00eb s\u00eb Kosov\u00ebs, por sot miq\u00ebsia mes k\u00ebtij shteti amerikan dhe Kosov\u00ebs \u00ebsht\u00eb shum\u00eb m\u00eb e thell\u00eb. Arsimi, ekonomia, siguria dhe drejt\u00ebsia jan\u00eb vet\u00ebm disa nga fushat q\u00eb k\u00ebto dy shtete kan\u00eb partneritet. N\u00eb nj\u00eb intervist\u00eb p\u00ebr Z\u00ebrin e Amerik\u00ebs, guvernatorja e shtetit t\u00eb Ajovas, Kim Reynolds tha se n\u00ebse krahason popullin e Ajovas dhe at\u00eb t\u00eb Kosov\u00ebs, dallimet jan\u00eb krejt\u00ebsisht t\u00eb vogla. T\u00eb p\u00ebrbashk\u00ebtat e dy popullatave po b\u00ebjn\u00eb q\u00eb miq\u00ebsia t\u00eb jet\u00eb e qendrueshme, ndon\u00ebse distanca mes tyre \u00ebsht\u00eb shum\u00eb e madhe.<\/p>\n<p>Shtetin e Ajov\u00ebs dhe Kosov\u00ebn i ndajn\u00eb rreth 8 mij\u00eb e 500 kilometra. Por distanca nuk ishte aspak problem p\u00ebr nj\u00eb dyqan vere n\u00eb qytetin Johnston t\u00eb k\u00ebtij shteti amerikan. Tash e nj\u00eb koh\u00eb, n\u00eb \u201cWine Styles\u201d shitet nj\u00eb ver\u00eb e prodhuar n\u00eb Kosov\u00eb.<\/p>\n<p>Pronari i dyqanit, Allan Graham thot\u00eb se klient\u00ebt e tij, ve\u00e7 shijes s\u00eb ver\u00ebs Stone Castle m\u00ebsojn\u00eb shum\u00eb edhe p\u00ebr vendin ku prodhohet ajo.<\/p>\n<p><em>\u201cJo shum\u00eb njer\u00ebz e din\u00eb q\u00eb vera vjen nga Kosova, prandaj ajo q\u00eb m\u00eb p\u00eblqen t\u00eb b\u00ebj \u00ebsht\u00eb t\u2019u ofroj nj\u00eb kampion t\u00eb ver\u00ebs pa u th\u00ebn\u00eb gj\u00eb p\u00ebr origjin\u00ebn e saj dhe pres reagimin, i cili gjithmon\u00eb \u00ebsht\u00eb shum\u00eb pozitiv. Klient\u00ebt mbesin t\u00eb shtangur kur kuptojn\u00eb se \u00e7far\u00eb \u00ebsht\u00eb dhe prej nga vjen. Pastaj interesohen t\u00eb din\u00eb m\u00eb shum\u00eb p\u00ebr vendin nga vjen kjo ver\u00eb. Mendoj se n\u00ebse u thua se nga vjen para se ta provojn\u00eb at\u00eb pritjet jan\u00eb tjera. Pastaj ka shum\u00eb njer\u00ebz q\u00eb thon\u00eb se mendova se kjo ver\u00eb ishte nga Kalifornia\u201d<\/em>, thot\u00eb pronari i dyqanit Allan Graham.<\/p>\n<p>Ky bashk\u00ebpunim erdhi si rezultat i nj\u00eb raporti t\u00eb ve\u00e7ant\u00eb partneriteti q\u00eb Ajova dhe Kosova kan\u00eb nga viti 2013, kur dy shtetet n\u00ebnshkruan marr\u00ebveshjen e shteteve simotra.<\/p>\n<p><em>\u201c\u00cbsht\u00eb rritur fuqish\u00ebm n\u00eb fusha t\u00eb ndryshme, marr\u00ebdh\u00ebnia dhe mund\u00ebsit\u00eb p\u00ebr t\u00eb punuar bashk\u00eb n\u00eb arsim, bujq\u00ebsi, ushtri, polici, zbatim t\u00eb ligjit dhe vazhdojm\u00eb t\u00eb bashk\u00ebpunojn\u00eb dhe t\u00eb gjejm\u00eb m\u00ebnyra t\u00eb reja bashk\u00ebpunimi\u201d,<\/em>\u00a0thot\u00eb guvernatorja e shtetit t\u00eb Ajovas, Kim Reynolds.<\/p>\n<p>Fusha m\u00eb e fort\u00eb e bashk\u00ebpunimit vazhdon t\u00eb jet\u00eb ajo e ushtris\u00eb. Vet\u00ebm jav\u00ebn q\u00eb shkoi n\u00eb Ajova q\u00ebndruan p\u00ebr 10 dit\u00eb kat\u00ebr pjes\u00ebtar\u00eb t\u00eb Forc\u00ebs s\u00eb Siguris\u00eb s\u00eb Kosov\u00ebs, n\u00eb kuad\u00ebr t\u00eb trajnimit p\u00ebr reagim n\u00eb raste t\u00eb katastrofave natyrore.<\/p>\n<p><em>\u201cSigurisht ka qen\u00eb nj\u00eb koh\u00eb e shkurt\u00ebr, mir\u00ebpo ndikimi i k\u00ebtij ushtrimi \u00ebsht\u00eb shume i madh. Dhe ky ushtrim \u00ebsht\u00eb jasht\u00ebzakonisht i vlefsh\u00ebm p\u00ebr neve si nj\u00eb forc\u00eb e re n\u00eb Ballkan\u201d,<\/em>\u00a0thot\u00eb Drilon Rama, Toger n\u00eb Forc\u00ebn e Siguris\u00eb s\u00eb Kosov\u00ebs.<\/p>\n<p><em>\u201cPra k\u00ebto m\u00ebsime q\u00eb i kemi marr\u00eb nga Garda Komb\u00ebtare e Ajov\u00ebs, padyshim se do t\u2019i implementojm\u00eb kur t\u00eb kthehemi n\u00eb nj\u00ebsitet tona. Duke pasur parasysh se \u00e7do p\u00ebrvoj\u00eb e marr\u00eb k\u00ebtu do t\u00eb ndikoj\u00eb n\u00eb zhvillimin e nj\u00ebsive tona\u201d<\/em>, thot\u00eb Bujar Ferizi, kapiten n\u00eb Forc\u00ebn e Siguris\u00eb s\u00eb Kosov\u00ebs.<\/p>\n<p>Marrja e p\u00ebrvoj\u00ebs nga garda e Ajov\u00ebs, b\u00ebri q\u00eb Kosova sot t\u00eb ket\u00eb ushtrin\u00eb e saj me kapacitete t\u00eb larta, thot\u00eb Guvernatorja Reynolds.<\/p>\n<p><em>\u201cJam shum\u00eb krenare p\u00ebr pjes\u00ebtar\u00ebt e gard\u00ebs q\u00eb sh\u00ebrbejn\u00eb n\u00eb ushtri. Ishte mund\u00ebsi e jasht\u00ebzakonshme t\u00eb krijojm\u00eb mund\u00ebsit\u00eb t\u00eb ndajm\u00eb infrastruktur\u00ebn dhe m\u00ebnyr\u00ebn e menaxhimit. Jemi krenar\u00eb me burrat dhe grat\u00eb q\u00eb kaluan koh\u00eb n\u00eb Kosov\u00eb, sikur q\u00eb edhe ju kishit prani ushtarake n\u00eb Ajova duke punuar bashk\u00ebrisht dhe mendoj se Kosova \u00ebsht\u00eb n\u00eb pozit\u00eb shum\u00eb t\u00eb mir\u00eb sot p\u00ebr shkak t\u00eb k\u00ebtij raporti shum\u00eb t\u00eb sh\u00ebndosh mes Gard\u00ebs Komb\u00ebtare t\u00eb Ajov\u00ebs dhe ushtris\u00eb tuaj\u201d<\/em>, thot\u00eb Guvernatorja e shtetit t\u00eb Ajovas, Kim Reynolds.<\/p>\n<p>Planet jan\u00eb q\u00eb Kosova t\u00eb marr\u00eb p\u00ebrvoj\u00eb n\u00eb Ajova edhe n\u00eb fush\u00ebn e energjis\u00eb s\u00eb rip\u00ebrt\u00ebritshme, sektor ky q\u00eb guvernatorja e k\u00ebtij shteti thot\u00eb se jan\u00eb t\u00eb par\u00ebt.<\/p>\n<p><em>\u201cKemi disa biznese q\u00eb jan\u00eb duke punuar q\u00eb t\u00eb vendosen n\u00eb Kosov\u00eb, n\u00eb ve\u00e7anti n\u00eb fush\u00ebn e energjis\u00eb s\u00eb rip\u00ebrt\u00ebritshme. Dhe nga ana tjeter t\u00eb kemi biznese nga Kosova n\u00eb Ajova \u00ebsht\u00eb fantastike. Kemi folur gjat\u00eb p\u00ebr sip\u00ebrmarr\u00ebsit e rinj dhe mundesit\u00eb q\u00eb egzistojn\u00eb, n\u00eb m\u00ebnyr\u00eb q\u00eb t\u00eb sjellim ata nga Kosova q\u00eb t\u00eb shohin infrastruktur\u00ebn dhe mund\u00ebsit\u00eb tona. Po na merr pak koh\u00eb q\u00eb t\u00eb arrijm\u00eb deri n\u00eb at\u00eb pik\u00eb. Por shpresojm\u00eb q\u00eb t\u00eb krijoni ekosistemin m\u00eb t\u00eb mire sesa q\u00eb kishim ne n\u00eb fillimet tona. Dhe t\u00eb ndajme, ne kemi ide p\u00ebr Kosov\u00ebn dhe Kosova mund te ket\u00eb ide p\u00ebr ne\u201d<\/em>, thot\u00eb guvernatorja Reynolds.<\/p>\n<p>Kosova \u00ebsht\u00eb vend i vet\u00ebm q\u00eb ka konsullat\u00ebn e saj n\u00eb k\u00ebt\u00eb shtet amerikan. Prania e stafit diplomatik t\u00eb Kosov\u00ebs n\u00eb Des Moines, e b\u00ebn Kosov\u00ebn pjes\u00ebmarr\u00ebse n\u00eb shum\u00eb ngjarje kulturore q\u00eb ndodhin n\u00eb kryeqytetin e Ajovas.<\/p>\n<p>Jav\u00ebn q\u00eb shkoi, Kosova kishte hap\u00ebsir\u00ebn e saj t\u00eb ve\u00e7ant\u00eb n\u00eb kuad\u00ebr t\u00eb festivalit nd\u00ebrkomb\u00ebtar\u00eb t\u00eb ushqimit dhe muzik\u00ebs. R\u00ebnd\u00ebsia e pjes\u00ebmarrjes n\u00eb k\u00ebto ngjarje \u00ebsht\u00eb e madhe.<\/p>\n<p><em>\u201c\u00cbsht\u00eb shum\u00eb e r\u00ebnd\u00ebsishme sepse n\u00eb fillim kur kemi hapur konsulat\u00ebn nuk \u00ebsht\u00eb se shumica e kan\u00eb ditur ku ndodhet Kosova. Prandaj jan\u00eb t\u00eb r\u00ebnd\u00ebsishme, p\u00ebrve\u00e7 marr\u00ebdh\u00ebnieve me institucione n\u00eb k\u00ebto fusha tjera t\u00eb bujq\u00ebsis\u00eb, ekonomis\u00eb apo edukimit t\u00eb kemi edhe t\u00eb dijn\u00eb njer\u00ebzit pak m\u00eb shum\u00eb kultur\u00ebn tone, se cfar\u00eb ushqime ne kemi\u201d,<\/em>\u00a0thot\u00eb Rinora Jelliqi nga Konsulata e Kosov\u00ebs n\u00eb Des Moines.<\/p>\n<p>Kuzhinieri nga Kosova, P\u00ebrparim Babalija, ishte pjes\u00ebmarr\u00ebs n\u00eb k\u00ebt\u00eb festival, i cili u prezantoi pjes\u00ebmarr\u00ebsve t\u00eb festivalit shijen tradicionale shqiptare.<\/p>\n<p><em>\u201cNe kemi b\u00ebr\u00eb di\u00e7ka, nj\u00eb gatim shum\u00eb t\u00eb thjesht\u00eb, por q\u00eb \u00ebsht\u00eb nga zona e Kosov\u00ebs. Kemi b\u00ebr\u00eb birjan me vez\u00ebdhe oriz. Kemi b\u00ebr\u00eb ka\u00e7amakun e Kosov\u00ebs me miell misri t\u00eb bardh\u00eb, me ajk\u00eb dhe me djath t\u00eb deleve, kemi b\u00ebr\u00eb edhe nj\u00eb shalqir me djath dhie dhe tartufin e zi sepse ne tradiocionalisht shalqirin e kemi p\u00ebrdorur n\u00eb familjet tona, me buk\u00eb dhe me djath. Kjo \u00ebsht\u00eb nj\u00eb pjat\u00eb q\u00eb ne sot mund t\u2019a modifikojm\u00eb, pasi n\u00eb Kosov\u00eb kemi shum\u00eb tartuf dhe tartufi duhet t\u00eb jet\u00eb si nj\u00eb l\u00ebnd e par\u00eb q\u00eb ne duhet t\u00eb mburremi q\u00eb kemi sasi shum\u00eb t\u00eb madhe. Dhe ne do t\u00eb b\u00ebjm\u00eb nj\u00eb pjat\u00eb ku bashkojm\u00eb produktet e Kosov\u00ebs n\u00eb nj\u00eb pjat\u00eb moderne\u201d,<\/em>\u00a0thot\u00eb kryekuzhinieri q\u00eb erdhi nga Prishtina n\u00eb Des Moines t\u00eb Ajovas, P\u00ebrparim Babalija.<\/p>\n<p>Guvernatorja Reynolds thot\u00eb se sa m\u00eb shum\u00eb q\u00eb dy popujt m\u00ebsojn\u00eb kultur\u00ebn e nj\u00ebri tjetrit, lidhja sa vjen e forcohet.<\/p>\n<p><em>\u201cMendoj se ka shum\u00eb ngjashm\u00ebri. T\u00eb gjith\u00eb thon\u00eb se kur udh\u00ebton n\u00eb Kosov\u00eb ndihesh sikur je n\u00eb Ajova. Njer\u00ebzit jan\u00eb t\u00eb ngroht\u00eb dhe t\u00eb sinqert\u00eb, t\u00eb kujdessh\u00ebm dhe po me k\u00ebto fjal\u00eb mund t\u2019i p\u00ebrshkruaj edhebanor\u00ebt e Ajov\u00ebs. Sepse ne kujdesemi p\u00ebr njer\u00ebzit, komunitetin, mundohemi t\u00eb ofrojm\u00eb mund\u00ebsi p\u00ebr secilin dhe t\u00eb nj\u00ebjt\u00ebn ndjenj\u00eb m\u00eb japin t\u00eb gjith\u00eb ata q\u00eb vijn\u00eb nga Kosovan n\u00eb Ajova. E dua rinin\u00eb n\u00eb popull\u00ebsin\u00eb e Kosov\u00ebs, mendoj se \u00ebsht\u00eb e mrekullueshme dhe nga ajo perspektiv\u00eb hapen shum\u00eb mund\u00ebsi. Prandaj mendoj se \u00ebsht\u00eb marr\u00ebdh\u00ebnie q\u00eb do ta shohim t\u00eb rritet\u201d<\/em>, thot\u00eb ajo.<\/p>\n<p>Para disa dit\u00ebsh, 28 studente nga Kosova filluan studimet n\u00eb kolegjin e komunitetit t\u00eb Des Moines, mund\u00ebsuar nga fondacioni Millenium me fondet e qeveris\u00eb amerikane.<\/p>\n<p>Ato do t\u00eb studiojn\u00eb n\u00eb fush\u00ebn e energjis\u00eb n\u00eb programe dy vje\u00e7are, p\u00ebr t\u2019u kthyer m\u00eb pas n\u00eb Kosov\u00eb p\u00ebr t\u00eb zhvilluar k\u00ebt\u00eb sektor.<\/p>\n","protected":false},"excerpt":{"rendered":"<p>Filloi si bashk\u00ebpunim ushtarak midis Gard\u00ebs Komb\u00ebtare t\u00eb Ajov\u00ebs dhe Forces s\u00eb Siguris\u00eb s\u00eb Kosov\u00ebs, por sot miq\u00ebsia mes k\u00ebtij shteti amerikan dhe Kosov\u00ebs \u00ebsht\u00eb shum\u00eb m\u00eb e thell\u00eb. Arsimi, ekonomia, siguria dhe drejt\u00ebsia jan\u00eb vet\u00ebm disa nga fushat q\u00eb k\u00ebto dy shtete kan\u00eb partneritet. N\u00eb nj\u00eb intervist\u00eb p\u00ebr Z\u00ebrin e Amerik\u00ebs, guvernatorja e shtetit [&hellip;]<\/p>\n","protected":false},"author":2013,"featured_media":0,"comment_status":"open","ping_status":"closed","sticky":false,"template":"","format":"standard","meta":{"footnotes":""},"categories":[241,2],"tags":[],"class_list":{"0":"post-109427","1":"post","2":"type-post","3":"status-publish","4":"format-standard","6":"category-aktualitet","7":"category-rajoni"},"_links":{"self":[{"href":"https:\/\/zjarr.tv\/sq\/wp-json\/wp\/v2\/posts\/109427","targetHints":{"allow":["GET"]}}],"collection":[{"href":"https:\/\/zjarr.tv\/sq\/wp-json\/wp\/v2\/posts"}],"about":[{"href":"https:\/\/zjarr.tv\/sq\/wp-json\/wp\/v2\/types\/post"}],"author":[{"embeddable":true,"href":"https:\/\/zjarr.tv\/sq\/wp-json\/wp\/v2\/users\/2013"}],"replies":[{"embeddable":true,"href":"https:\/\/zjarr.tv\/sq\/wp-json\/wp\/v2\/comments?post=109427"}],"version-history":[{"count":0,"href":"https:\/\/zjarr.tv\/sq\/wp-json\/wp\/v2\/posts\/109427\/revisions"}],"wp:attachment":[{"href":"https:\/\/zjarr.tv\/sq\/wp-json\/wp\/v2\/media?parent=109427"}],"wp:term":[{"taxonomy":"category","embeddable":true,"href":"https:\/\/zjarr.tv\/sq\/wp-json\/wp\/v2\/categories?post=109427"},{"taxonomy":"post_tag","embeddable":true,"href":"https:\/\/zjarr.tv\/sq\/wp-json\/wp\/v2\/tags?post=109427"}],"curies":[{"name":"wp","href":"https:\/\/api.w.org\/{rel}","templated":true}]}}