{"id":109444,"date":"2019-09-29T19:30:11","date_gmt":"2019-09-29T17:30:11","guid":{"rendered":"https:\/\/zjarr.tv\/?p=109444"},"modified":"2019-09-29T17:56:34","modified_gmt":"2019-09-29T15:56:34","slug":"demokratet-do-ja-ngecin-ne-fyt-trump-gjelin-e-dites-se-falenderimeve","status":"publish","type":"post","link":"https:\/\/zjarr.tv\/sq\/demokratet-do-ja-ngecin-ne-fyt-trump-gjelin-e-dites-se-falenderimeve\/","title":{"rendered":"Demokrat\u00ebt do ja &#8220;ngecin n\u00eb fyt&#8221; Trump gjelin e Dit\u00ebs s\u00eb Fal\u00ebnderimeve"},"content":{"rendered":"<p><em>Ndaj presidentit amerikan, Donald Trump, pritet t\u00eb ngrihen akuza formale n\u00eb Kongres para Dit\u00ebs Komb\u00ebtare t\u00eb Fal\u00ebnderimeve apo 28 n\u00ebntorit. Demokrat\u00ebt shpresojn\u00eb q\u00eb t\u00eb hetojn\u00eb pretendimet p\u00ebr abuzimet e tij me pushtetin, aksion i cili tanim\u00eb mb\u00ebshtetet nga rreth gjysma e publikut vend\u00ebs.<\/em><\/p>\n<p>Demokrat\u00ebt n\u00eb dhom\u00ebn e ul\u00ebt t\u00eb Kongresit amerikan synojn\u00eb q\u00eb t\u00eb ngren\u00eb formalisht akuza ndaj presidentit Donald Trump brenda muajit n\u00ebntor.<\/p>\n<p>Mediet amerikane informojn\u00eb se ato do t\u00eb jen\u00eb t\u00eb p\u00ebrqendruara ekskluzivisht te pretendimet se kreu i Sht\u00ebpis\u00eb s\u00eb Bardh\u00eb abuzoi me pushtetin kur n\u00eb muajin korrik i k\u00ebrkoi homologut t\u00eb tij ukrainas q\u00eb t\u00eb hetoj\u00eb rivalin e vet demokrat, Joe Biden, p\u00ebr arsye politike.<\/p>\n<p>P\u00ebr t\u00eb influencuar vendimin, besohet se u ofruan edhe ndihma ushtarake p\u00ebr Ukrain\u00ebn.<\/p>\n<p>Kryetarja e Dhom\u00ebs s\u00eb Deputet\u00ebve, demokratja Nancy Pelosi, tha t\u00eb shtun\u00ebn se hetimi i presidentit Trump \u00ebsht\u00eb nj\u00eb thik\u00eb me dy presa q\u00eb mund t&#8217;u kushtoj\u00eb demokrat\u00ebve mandate politike vitin e ardhsh\u00ebm.<\/p>\n<p>Por sipas saj, v\u00ebnia e presidentit para p\u00ebrgjegj\u00ebsis\u00eb ka m\u00eb r\u00ebnd\u00ebsi sesa objektivi politik.<\/p>\n<p>&#8220;Detyrimi yn\u00eb fillestar \u00ebsht\u00eb t\u00eb ruajm\u00eb dhe t\u00eb mbrojm\u00eb Kushtetut\u00ebn e Amerik\u00ebs. Njer\u00ebzit mund t\u00eb thon\u00eb se kjo gj\u00eb ka rreziqe, por nuk ka r\u00ebnd\u00ebsi. Ne nuk mund t\u00eb kemi nj\u00eb president t\u00eb Shteteve t\u00eb Bashkuara q\u00eb shkel betimin, nuk \u00ebsht\u00eb besnik apo cenon sigurin\u00eb komb\u00ebtare dhe integritetin e zgjedhjeve tona.&#8221;<\/p>\n<p>Komentet e Pelosit vijn\u00eb pasi sondazhet tregojn\u00eb se 49 p\u00ebr qind e publikut amerikan \u00ebsht\u00eb n\u00eb favor t\u00eb ngritjes s\u00eb akuzave ndaj presidentit Trump.<\/p>\n<p>Sipas agjencis\u00eb s\u00eb lajmeve, CNN, po p\u00ebrflitet edhe shkarkimi i sekretarit t\u00eb p\u00ebrgjithsh\u00ebm t\u00eb Sht\u00ebpis\u00eb s\u00eb Bardh\u00eb, Mik Mallveini, pasi Trump nuk \u00ebsht\u00eb i k\u00ebnaqur me strategjin\u00eb q\u00eb ai ka ndjekur deri tani p\u00ebr tejkalimin e skandalit m\u00eb t\u00eb fundit.<\/p>\n","protected":false},"excerpt":{"rendered":"<p>Ndaj presidentit amerikan, Donald Trump, pritet t\u00eb ngrihen akuza formale n\u00eb Kongres para Dit\u00ebs Komb\u00ebtare t\u00eb Fal\u00ebnderimeve apo 28 n\u00ebntorit. Demokrat\u00ebt shpresojn\u00eb q\u00eb t\u00eb hetojn\u00eb pretendimet p\u00ebr abuzimet e tij me pushtetin, aksion i cili tanim\u00eb mb\u00ebshtetet nga rreth gjysma e publikut vend\u00ebs. Demokrat\u00ebt n\u00eb dhom\u00ebn e ul\u00ebt t\u00eb Kongresit amerikan synojn\u00eb q\u00eb t\u00eb ngren\u00eb [&hellip;]<\/p>\n","protected":false},"author":2013,"featured_media":0,"comment_status":"open","ping_status":"closed","sticky":false,"template":"","format":"standard","meta":{"footnotes":""},"categories":[241,191],"tags":[],"class_list":{"0":"post-109444","1":"post","2":"type-post","3":"status-publish","4":"format-standard","6":"category-aktualitet","7":"category-bota"},"_links":{"self":[{"href":"https:\/\/zjarr.tv\/sq\/wp-json\/wp\/v2\/posts\/109444","targetHints":{"allow":["GET"]}}],"collection":[{"href":"https:\/\/zjarr.tv\/sq\/wp-json\/wp\/v2\/posts"}],"about":[{"href":"https:\/\/zjarr.tv\/sq\/wp-json\/wp\/v2\/types\/post"}],"author":[{"embeddable":true,"href":"https:\/\/zjarr.tv\/sq\/wp-json\/wp\/v2\/users\/2013"}],"replies":[{"embeddable":true,"href":"https:\/\/zjarr.tv\/sq\/wp-json\/wp\/v2\/comments?post=109444"}],"version-history":[{"count":0,"href":"https:\/\/zjarr.tv\/sq\/wp-json\/wp\/v2\/posts\/109444\/revisions"}],"wp:attachment":[{"href":"https:\/\/zjarr.tv\/sq\/wp-json\/wp\/v2\/media?parent=109444"}],"wp:term":[{"taxonomy":"category","embeddable":true,"href":"https:\/\/zjarr.tv\/sq\/wp-json\/wp\/v2\/categories?post=109444"},{"taxonomy":"post_tag","embeddable":true,"href":"https:\/\/zjarr.tv\/sq\/wp-json\/wp\/v2\/tags?post=109444"}],"curies":[{"name":"wp","href":"https:\/\/api.w.org\/{rel}","templated":true}]}}