{"id":109477,"date":"2019-09-30T13:51:26","date_gmt":"2019-09-30T11:51:26","guid":{"rendered":"https:\/\/zjarr.tv\/?p=109477"},"modified":"2019-09-30T13:51:26","modified_gmt":"2019-09-30T11:51:26","slug":"zero-shkelje-te-kushtetutes-meta-reagon-serish-per-draftin-e-komisionit-te-venecias","status":"publish","type":"post","link":"https:\/\/zjarr.tv\/sq\/zero-shkelje-te-kushtetutes-meta-reagon-serish-per-draftin-e-komisionit-te-venecias\/","title":{"rendered":"\u2018Zero shkelje t\u00eb kushtetut\u00ebs!\u2019\/ Meta reagon s\u00ebrish p\u00ebr draftin e Komisionit t\u00eb Venecias"},"content":{"rendered":"<p>Presidenca ka reaguar s\u00ebrish n\u00eb lidhje me draftin paraprak t\u00eb Komisionit t\u00eb Venecias t\u00eb dal\u00eb n\u00eb media ende pa u b\u00ebr\u00eb publik nga vet\u00eb institucioni.<\/p>\n<p>Me nj\u00eb reagim n\u00eb rrjetet sociale, z\u00ebdh\u00ebn\u00ebsi i presidentit Ilir Meta, Tedi Blushi shkruan se brenda jav\u00ebs do t\u00eb b\u00ebhet publik \u2018Raporti i tij p\u00ebr Draftin e Opinionit t\u00eb Komisionit t\u00eb Venecias\u2019.<\/p>\n<p>\u2018Zero shkelje t\u00eb kushtetut\u00ebs!\u2019, shkruan Blushi n\u00eb Facebook.<\/p>\n<p>Reagimi i plot\u00eb i z\u00ebdh\u00ebn\u00ebsit t\u00eb presidenc\u00ebs, Tedi Blushi:<\/p>\n<p>Brenda jav\u00ebs institucioni i Presidentit t\u00eb Republik\u00ebs do t\u00eb b\u00ebj\u00eb publik p\u00ebr opinionin vendas dhe nd\u00ebrkomb\u00ebtar \u2018Raportin e tij p\u00ebr Draftin e Opinionit t\u00eb Komisionit t\u00eb Venecias\u2019, gjithmon\u00eb n\u00eb vazhdim t\u00eb transparenc\u00ebs dhe r\u00ebnd\u00ebsis\u00eb s\u00eb \u00e7\u00ebshtjes n\u00eb fjal\u00eb, q\u00eb meriton vet\u00ebm shterim kushtetues, ligjor, profesional dhe faktik, larg \u00e7do ndikimi politik dhe t\u00eb dyshimt\u00eb.<\/p>\n<p>ZERO SHKELJE T\u00cb KUSHTETUT\u00cbS!<\/p>\n<p>MBROJTJE E SHK\u00cbLQYER E KUSHTETUT\u00cbS!<\/p>\n<p>MBROJTJE E SHK\u00cbLQYER E KONVENT\u00cbS EUROPIANE T\u00cb T\u00cb DREJTAVE T\u00cb NJERIUT!<\/p>\n<p>MBROJTJE E SHK\u00cbLQYER E VENDIMIT T\u00cb GJYKAT\u00cbS S\u00cb STRASBURGUT P\u00cbR T\u00cb DREJT\u00cbN E ZGJEDHJES!<\/p>\n<p>MBROJTJE E SHK\u00cbLQYER E DETYRIMEVE LIGJORE Q\u00cb KA SHQIP\u00cbRIA NGA MARR\u00cbVESHJA E STABILIZIM ASOCIMIT ME BASHKIMIN EUROPIAN!<\/p>\n","protected":false},"excerpt":{"rendered":"<p>Presidenca ka reaguar s\u00ebrish n\u00eb lidhje me draftin paraprak t\u00eb Komisionit t\u00eb Venecias t\u00eb dal\u00eb n\u00eb media ende pa u b\u00ebr\u00eb publik nga vet\u00eb institucioni. Me nj\u00eb reagim n\u00eb rrjetet sociale, z\u00ebdh\u00ebn\u00ebsi i presidentit Ilir Meta, Tedi Blushi shkruan se brenda jav\u00ebs do t\u00eb b\u00ebhet publik \u2018Raporti i tij p\u00ebr Draftin e Opinionit t\u00eb Komisionit [&hellip;]<\/p>\n","protected":false},"author":2013,"featured_media":85288,"comment_status":"open","ping_status":"closed","sticky":false,"template":"","format":"standard","meta":{"footnotes":""},"categories":[241,235],"tags":[],"class_list":{"0":"post-109477","1":"post","2":"type-post","3":"status-publish","4":"format-standard","5":"has-post-thumbnail","7":"category-aktualitet","8":"category-vendi"},"_links":{"self":[{"href":"https:\/\/zjarr.tv\/sq\/wp-json\/wp\/v2\/posts\/109477","targetHints":{"allow":["GET"]}}],"collection":[{"href":"https:\/\/zjarr.tv\/sq\/wp-json\/wp\/v2\/posts"}],"about":[{"href":"https:\/\/zjarr.tv\/sq\/wp-json\/wp\/v2\/types\/post"}],"author":[{"embeddable":true,"href":"https:\/\/zjarr.tv\/sq\/wp-json\/wp\/v2\/users\/2013"}],"replies":[{"embeddable":true,"href":"https:\/\/zjarr.tv\/sq\/wp-json\/wp\/v2\/comments?post=109477"}],"version-history":[{"count":0,"href":"https:\/\/zjarr.tv\/sq\/wp-json\/wp\/v2\/posts\/109477\/revisions"}],"wp:featuredmedia":[{"embeddable":true,"href":"https:\/\/zjarr.tv\/sq\/wp-json\/wp\/v2\/media\/85288"}],"wp:attachment":[{"href":"https:\/\/zjarr.tv\/sq\/wp-json\/wp\/v2\/media?parent=109477"}],"wp:term":[{"taxonomy":"category","embeddable":true,"href":"https:\/\/zjarr.tv\/sq\/wp-json\/wp\/v2\/categories?post=109477"},{"taxonomy":"post_tag","embeddable":true,"href":"https:\/\/zjarr.tv\/sq\/wp-json\/wp\/v2\/tags?post=109477"}],"curies":[{"name":"wp","href":"https:\/\/api.w.org\/{rel}","templated":true}]}}