{"id":109482,"date":"2019-09-30T13:58:56","date_gmt":"2019-09-30T11:58:56","guid":{"rendered":"https:\/\/zjarr.tv\/?p=109482"},"modified":"2019-09-30T13:58:56","modified_gmt":"2019-09-30T11:58:56","slug":"vijon-aksioni-i-ikmt-ne-bregdetin-e-vlores-60-ndertesa-pa-leje-ne-plan-per-tu-prishur-sot","status":"publish","type":"post","link":"https:\/\/zjarr.tv\/sq\/vijon-aksioni-i-ikmt-ne-bregdetin-e-vlores-60-ndertesa-pa-leje-ne-plan-per-tu-prishur-sot\/","title":{"rendered":"Vijon aksioni i IKMT n\u00eb bregdetin e Vlor\u00ebs, 60 nd\u00ebrtesa pa leje n\u00eb plan p\u00ebr t\u2019u prishur sot"},"content":{"rendered":"<p>Vijon aksioni i IKM n\u00eb terren, nd\u00ebrsa sot ka n\u00eb plan t\u00eb prish\u00eb 60 nd\u00ebrtesa p\u00ebrgjat\u00eb bregdetit t\u00eb Vlor\u00ebs. Aksioni n\u00eb fjal\u00eb po vijon me shembjen e nd\u00ebrtesave pa leje n\u00eb Orikum.Po ashtu ka prani t\u00eb madhe t\u00eb forcave policore, p\u00ebr t\u00eb parandaluar \u00e7do p\u00ebrshkall\u00ebzim t\u00eb mundsh\u00ebm situate.<\/p>\n","protected":false},"excerpt":{"rendered":"<p>Vijon aksioni i IKM n\u00eb terren, nd\u00ebrsa sot ka n\u00eb plan t\u00eb prish\u00eb 60 nd\u00ebrtesa p\u00ebrgjat\u00eb bregdetit t\u00eb Vlor\u00ebs. Aksioni n\u00eb fjal\u00eb po vijon me shembjen e nd\u00ebrtesave pa leje n\u00eb Orikum.Po ashtu ka prani t\u00eb madhe t\u00eb forcave policore, p\u00ebr t\u00eb parandaluar \u00e7do p\u00ebrshkall\u00ebzim t\u00eb mundsh\u00ebm situate.<\/p>\n","protected":false},"author":2013,"featured_media":0,"comment_status":"open","ping_status":"closed","sticky":false,"template":"","format":"standard","meta":{"footnotes":""},"categories":[241,235],"tags":[],"class_list":{"0":"post-109482","1":"post","2":"type-post","3":"status-publish","4":"format-standard","6":"category-aktualitet","7":"category-vendi"},"_links":{"self":[{"href":"https:\/\/zjarr.tv\/sq\/wp-json\/wp\/v2\/posts\/109482","targetHints":{"allow":["GET"]}}],"collection":[{"href":"https:\/\/zjarr.tv\/sq\/wp-json\/wp\/v2\/posts"}],"about":[{"href":"https:\/\/zjarr.tv\/sq\/wp-json\/wp\/v2\/types\/post"}],"author":[{"embeddable":true,"href":"https:\/\/zjarr.tv\/sq\/wp-json\/wp\/v2\/users\/2013"}],"replies":[{"embeddable":true,"href":"https:\/\/zjarr.tv\/sq\/wp-json\/wp\/v2\/comments?post=109482"}],"version-history":[{"count":0,"href":"https:\/\/zjarr.tv\/sq\/wp-json\/wp\/v2\/posts\/109482\/revisions"}],"wp:attachment":[{"href":"https:\/\/zjarr.tv\/sq\/wp-json\/wp\/v2\/media?parent=109482"}],"wp:term":[{"taxonomy":"category","embeddable":true,"href":"https:\/\/zjarr.tv\/sq\/wp-json\/wp\/v2\/categories?post=109482"},{"taxonomy":"post_tag","embeddable":true,"href":"https:\/\/zjarr.tv\/sq\/wp-json\/wp\/v2\/tags?post=109482"}],"curies":[{"name":"wp","href":"https:\/\/api.w.org\/{rel}","templated":true}]}}