{"id":109505,"date":"2019-09-30T15:19:01","date_gmt":"2019-09-30T13:19:01","guid":{"rendered":"https:\/\/zjarr.tv\/?p=109505"},"modified":"2019-09-30T15:19:01","modified_gmt":"2019-09-30T13:19:01","slug":"basha-perball-ramen-me-fakte-premtoi-legalizim-falas-po-shkaterron-pa-demshperblim","status":"publish","type":"post","link":"https:\/\/zjarr.tv\/sq\/basha-perball-ramen-me-fakte-premtoi-legalizim-falas-po-shkaterron-pa-demshperblim\/","title":{"rendered":"Basha p\u00ebrball Ram\u00ebn me fakte: Premtoi legalizim falas, po shkat\u00ebrron pa d\u00ebmshp\u00ebrblim"},"content":{"rendered":"<p>Kryetari i Partis\u00eb Demokratike, Lulzim Basha ka akuzuar kryeministrin Edi Rama n\u00eb lidhje me procesin e legalizimeve. Me nj\u00eb status n\u00eb \u201cFacebook\u201d, lideri i selis\u00eb blu thot\u00eb se Rama i mashtroi shqiptar\u00ebt kur premtoi legalizme falas. Sipas tij, rruga kryesore e cila i shp\u00ebton SOT shqiptar\u00ebt, \u00ebsht\u00eb largimi sa m\u00eb par\u00eb i Ram\u00ebs nga posti i kryeministrit. Ai ka publikuar edhe nj\u00eb video, q\u00eb sipas Bash\u00ebs, faktohen premtimet e pambajtura t\u00eb kryeministrit.<\/p>\n<p>\u201cPremtoi legalizim falas por shkat\u00ebrroi qindra banesa dhe nxorri mij\u00ebra f\u00ebmij\u00eb dhe t\u00eb moshuar n\u00eb mes t\u00eb kat\u00ebr rrug\u00ebve.P\u00ebr t\u00eb vjedhur parat\u00eb e taksave dhe grabitur pronat e tyre, Edi Rama mashtroi dhe dhunoi shqiptar\u00ebt. Vet\u00ebm largimi i Hajdutit Psiqik dhe band\u00ebs s\u00eb tij sjell siguri, mir\u00ebqenie dhe pun\u00ebsim p\u00ebr \u00e7do familje shqiptare. #RamaIk #HajdutiPsiqik #Shqip\u00ebriaSiEuropa\u201d-tha ai.<\/p>\n<div class=\"readmore-text-here\">\n<p><iframe loading=\"lazy\" src=\"https:\/\/www.facebook.com\/plugins\/video.php?href=https%3A%2F%2Fwww.facebook.com%2Flulzimbasha.al%2Fvideos%2F972272293108052%2F&amp;show_text=0&amp;width=560\" width=\"560\" height=\"315\" frameborder=\"0\" scrolling=\"no\" allowfullscreen=\"allowfullscreen\" data-mce-fragment=\"1\"><\/iframe><\/p>\n<\/div>\n<div id=\"rekl-33\"><\/div>\n<p>&nbsp;<\/p>\n<p>&nbsp;<\/p>\n","protected":false},"excerpt":{"rendered":"<p>Kryetari i Partis\u00eb Demokratike, Lulzim Basha ka akuzuar kryeministrin Edi Rama n\u00eb lidhje me procesin e legalizimeve. Me nj\u00eb status n\u00eb \u201cFacebook\u201d, lideri i selis\u00eb blu thot\u00eb se Rama i mashtroi shqiptar\u00ebt kur premtoi legalizme falas. Sipas tij, rruga kryesore e cila i shp\u00ebton SOT shqiptar\u00ebt, \u00ebsht\u00eb largimi sa m\u00eb par\u00eb i Ram\u00ebs nga posti [&hellip;]<\/p>\n","protected":false},"author":2013,"featured_media":0,"comment_status":"open","ping_status":"closed","sticky":false,"template":"","format":"standard","meta":{"footnotes":""},"categories":[241,235],"tags":[],"class_list":{"0":"post-109505","1":"post","2":"type-post","3":"status-publish","4":"format-standard","6":"category-aktualitet","7":"category-vendi"},"_links":{"self":[{"href":"https:\/\/zjarr.tv\/sq\/wp-json\/wp\/v2\/posts\/109505","targetHints":{"allow":["GET"]}}],"collection":[{"href":"https:\/\/zjarr.tv\/sq\/wp-json\/wp\/v2\/posts"}],"about":[{"href":"https:\/\/zjarr.tv\/sq\/wp-json\/wp\/v2\/types\/post"}],"author":[{"embeddable":true,"href":"https:\/\/zjarr.tv\/sq\/wp-json\/wp\/v2\/users\/2013"}],"replies":[{"embeddable":true,"href":"https:\/\/zjarr.tv\/sq\/wp-json\/wp\/v2\/comments?post=109505"}],"version-history":[{"count":0,"href":"https:\/\/zjarr.tv\/sq\/wp-json\/wp\/v2\/posts\/109505\/revisions"}],"wp:attachment":[{"href":"https:\/\/zjarr.tv\/sq\/wp-json\/wp\/v2\/media?parent=109505"}],"wp:term":[{"taxonomy":"category","embeddable":true,"href":"https:\/\/zjarr.tv\/sq\/wp-json\/wp\/v2\/categories?post=109505"},{"taxonomy":"post_tag","embeddable":true,"href":"https:\/\/zjarr.tv\/sq\/wp-json\/wp\/v2\/tags?post=109505"}],"curies":[{"name":"wp","href":"https:\/\/api.w.org\/{rel}","templated":true}]}}