{"id":110512,"date":"2019-10-14T16:17:43","date_gmt":"2019-10-14T14:17:43","guid":{"rendered":"https:\/\/zjarr.tv\/?p=110512"},"modified":"2019-10-14T16:17:43","modified_gmt":"2019-10-14T14:17:43","slug":"iken-rudina-hajdari-ja-kush-do-ta-drejtoje-grupin-demokrat-ne-kuvend","status":"publish","type":"post","link":"https:\/\/zjarr.tv\/sq\/iken-rudina-hajdari-ja-kush-do-ta-drejtoje-grupin-demokrat-ne-kuvend\/","title":{"rendered":"Ik\u00ebn Rudina Hajdari, ja kush do ta drejtoj\u00eb Grupin Demokrat n\u00eb Kuvend"},"content":{"rendered":"<p>Rudina Hajdari nuk do t\u00eb jet\u00eb m\u00eb kryetare e Grupit Parlamentar Demokrat n\u00eb Kuvend. N\u00eb mbledhjen m\u00eb t\u00eb fundit t\u00eb grupit \u00ebsht\u00eb vendosur t\u00eb ndryshohet edhe drejtuesi, ku kjo detyr\u00eb i \u00ebsht\u00eb besuar deputetit Korab Lita.<\/p>\n<p>Lajmi \u00ebsht\u00eb dh\u00ebn\u00eb nga vet\u00eb Lita, i cili fal\u00ebnderon edhe koleg\u00ebt p\u00ebr vler\u00ebsimin dhe besimin, me an\u00eb t\u00eb nj\u00eb mesazhi n\u00eb \u201cFacebook\u201d. Nd\u00ebr t\u00eb tjera, Lita thekson se detyra q\u00eb i \u00ebsht\u00eb besuar si kryetar grupi \u00ebsht\u00eb nj\u00eb p\u00ebrgjegj\u00ebsi dhe aspak privilegj.<\/p>\n<p><strong>Mesazhi i Korab Lit\u00ebs:<\/strong><br \/>\nTe nderuar miq,<br \/>\nGrupi Parlamentar Demokrat ne mbledhjen e tij te fundit, ne funksion te organizimit te brendshem beri ndryshim ne drejtimin e grupit. Personalisht, dua t\u2019ju dergoj nje falenderim kolegeve te mi te Grupit Parlamentar per vleresimin dhe besimin qe me dhane per te drejtuar Grupin Parlamentar Demokrat.<\/p>\n<div id=\"videoad\"><\/div>\n<div id=\"pa_1x1_psbk_1571062600129\"><\/div>\n<p>Detyra qe me eshte besuar si Kryetar i Grupit Parlamentar Demokrat une e shoh si nje pergjegjesi e aspak privilegj sidomos ne kete situate politike e institucionale ku ndodhet vendi yne. Nepermjet jush dua te siguroj koleget, dhe te gjithe qytetaret Shqiptare, qe te gjithe bashke do jemi ne lartesine e duhur per te justifikuar besimin e dhene. KL.<\/p>\n<div class=\"galery-slider\">\n<ul class=\"slides\">\n<li class=\"flex-slider-item flex-active-slide\"><a href=\"https:\/\/balkanweb.com\/wp-content\/uploads\/2019\/10\/lita.jpg\" rel=\"lightbox\"><img decoding=\"async\" draggable=\"false\" src=\"https:\/\/balkanweb.com\/wp-content\/uploads\/2019\/10\/lita.jpg\" alt=\"foto galeri \" \/><\/a><\/li>\n<\/ul>\n<\/div>\n","protected":false},"excerpt":{"rendered":"<p>Rudina Hajdari nuk do t\u00eb jet\u00eb m\u00eb kryetare e Grupit Parlamentar Demokrat n\u00eb Kuvend. N\u00eb mbledhjen m\u00eb t\u00eb fundit t\u00eb grupit \u00ebsht\u00eb vendosur t\u00eb ndryshohet edhe drejtuesi, ku kjo detyr\u00eb i \u00ebsht\u00eb besuar deputetit Korab Lita. Lajmi \u00ebsht\u00eb dh\u00ebn\u00eb nga vet\u00eb Lita, i cili fal\u00ebnderon edhe koleg\u00ebt p\u00ebr vler\u00ebsimin dhe besimin, me an\u00eb t\u00eb nj\u00eb [&hellip;]<\/p>\n","protected":false},"author":2013,"featured_media":110513,"comment_status":"open","ping_status":"closed","sticky":false,"template":"","format":"standard","meta":{"footnotes":""},"categories":[241,235],"tags":[],"class_list":{"0":"post-110512","1":"post","2":"type-post","3":"status-publish","4":"format-standard","5":"has-post-thumbnail","7":"category-aktualitet","8":"category-vendi"},"_links":{"self":[{"href":"https:\/\/zjarr.tv\/sq\/wp-json\/wp\/v2\/posts\/110512","targetHints":{"allow":["GET"]}}],"collection":[{"href":"https:\/\/zjarr.tv\/sq\/wp-json\/wp\/v2\/posts"}],"about":[{"href":"https:\/\/zjarr.tv\/sq\/wp-json\/wp\/v2\/types\/post"}],"author":[{"embeddable":true,"href":"https:\/\/zjarr.tv\/sq\/wp-json\/wp\/v2\/users\/2013"}],"replies":[{"embeddable":true,"href":"https:\/\/zjarr.tv\/sq\/wp-json\/wp\/v2\/comments?post=110512"}],"version-history":[{"count":0,"href":"https:\/\/zjarr.tv\/sq\/wp-json\/wp\/v2\/posts\/110512\/revisions"}],"wp:featuredmedia":[{"embeddable":true,"href":"https:\/\/zjarr.tv\/sq\/wp-json\/wp\/v2\/media\/110513"}],"wp:attachment":[{"href":"https:\/\/zjarr.tv\/sq\/wp-json\/wp\/v2\/media?parent=110512"}],"wp:term":[{"taxonomy":"category","embeddable":true,"href":"https:\/\/zjarr.tv\/sq\/wp-json\/wp\/v2\/categories?post=110512"},{"taxonomy":"post_tag","embeddable":true,"href":"https:\/\/zjarr.tv\/sq\/wp-json\/wp\/v2\/tags?post=110512"}],"curies":[{"name":"wp","href":"https:\/\/api.w.org\/{rel}","templated":true}]}}