{"id":110521,"date":"2019-10-14T16:51:10","date_gmt":"2019-10-14T14:51:10","guid":{"rendered":"https:\/\/zjarr.tv\/?p=110521"},"modified":"2019-10-14T16:51:10","modified_gmt":"2019-10-14T14:51:10","slug":"nobeli-i-handke-habit-serbet-autor-i-deshtuar-perkrahes-i-politikes-se-kasapit-te-ballkanit","status":"publish","type":"post","link":"https:\/\/zjarr.tv\/sq\/nobeli-i-handke-habit-serbet-autor-i-deshtuar-perkrahes-i-politikes-se-kasapit-te-ballkanit\/","title":{"rendered":"Nobeli i Handke habit serb\u00ebt: Autor i d\u00ebshtuar, p\u00ebrkrah\u00ebs i politik\u00ebs s\u00eb \u2018kasapit t\u00eb Ballkanit\u2019"},"content":{"rendered":"<p>\u00c7mimi Nobel p\u00ebr shkrimtarin austriak Peter Handke, ithtar i Sllobodan Milloshevi\u00e7 \u00ebsht\u00eb pritur me habi edhe nga serb\u00ebt.<\/p>\n<p>Disa shkrimtar\u00eb serb\u00eb, e cil\u00ebsojn\u00eb at\u00eb nj\u00eb autor t\u00eb d\u00ebshtuar, disa n\u00eb aspektin letrar e t\u00eb tjer\u00eb n\u00eb at\u00eb politik, nisur nga simpatia e shprehur prej tij p\u00ebr epok\u00ebn e \u201ckasapit t\u00eb Ballkanit\u201d.<\/p>\n<p>N\u00eb varimin e Sllobodan Milloshevic, ftohet me respekt shkrimtari austriak Peter Handke, q\u00eb t\u00eb mbaj fjalimin.<\/p>\n<div id=\"rekl-13\">\n<div id=\"__sap-ad-15\" class=\"__sap-ads __sap-html tracked\" data-title=\"Credins desktop 08\"><ins><\/p>\n<div id=\"beacon_382b899f80\"><\/div>\n<p><\/ins><\/div>\n<\/div>\n<p>Fjalimi i shkrimtarit austriak Peter Handke,: Bota, e ashtuquajtura bot\u00eb, di gjith\u00e7ka mbi Jugosllavin\u00eb dhe Serbin\u00eb. Bota, e ashtuquajtura bot\u00eb, di gjith\u00e7ka p\u00ebr Sllobodan Milloshevi\u00e7in. E ashtuquajtura bot\u00eb di gjith\u00e7ka mbi t\u00eb v\u00ebrtet\u00ebn. Un\u00eb nuk e di t\u00eb v\u00ebrtet\u00ebn. Por un\u00eb shoh, d\u00ebgjoj, ndjej. M\u00eb kujtohet. Ndaj jam sot k\u00ebtu, af\u00ebr Jugosllavis\u00eb, af\u00ebr Serbis\u00eb, af\u00ebr Sllobodan Milloshevi\u00e7it.<\/p>\n<p>Ai besonte se bota ishte e padrejt\u00eb ndaj serb\u00ebve, e sidomos shtypi Per\u00ebndimor.<\/p>\n<p>Ndarja e Nobelit shkaktoj reagime pasi u konsiderua e padrejt\u00eb dh\u00ebnia e \u00e7mimit m\u00eb t\u00eb lart\u00eb p\u00ebr nj\u00eb autor q\u00eb mb\u00ebshteste kreun e Serbis\u00eb, nga veprat e t\u00eb cil\u00ebve plag\u00ebt ende nuk jan\u00eb sh\u00ebruar.<\/p>\n<p>Filip David, nj\u00eb prej shkrimtar\u00ebve m\u00eb t\u00eb famsh\u00ebm t\u00eb Beogradit, e ka t\u00eb v\u00ebshtir\u00eb t\u00eb thot\u00eb gj\u00eb p\u00ebr kolegun austriak. Si stil shkrimtari nuk i p\u00eblqen, por i kupton ata q\u00eb e duan. Thell\u00ebsisht i zhg\u00ebnjyer shfaqet David kur p\u00ebrmendet emri i austriakut.<\/p>\n<p>Shkrimtari Filip David: Kund\u00ebr nesh q\u00eb kemi qen\u00eb kund\u00ebr politik\u00ebs s\u00eb Milloshevi\u00e7it, ai k\u00ebt\u00eb politik\u00eb e ka p\u00ebrkrahur. Kjo ka qen\u00eb nj\u00eb politik\u00eb e kobshme dhe e d\u00ebmshme p\u00ebr Serbin\u00eb, nj\u00eb politik\u00eb nacionaliste. Ai ka qen\u00eb n\u00eb varrimin e Milloshevi\u00e7it dhe dikur ka shkruar nj\u00eb pamflet ku sqaronte se si ishin t\u00eb lumtur pensionist\u00ebt q\u00eb kishin nga nj\u00eb mark\u00eb pensionet dhe se si krijohej empati nga shit\u00ebsit dhe bler\u00ebsit e karburantit me bidona. Lavd\u00ebronte di\u00e7ka q\u00eb p\u00ebr ne n\u00ebnkuptonte varf\u00ebri totale.<\/p>\n<p>Ky lajm ka ndar\u00eb edhe miqt\u00eb. Linja e holl\u00eb \u00ebsht\u00eb n\u00eb mes t\u00eb vepr\u00ebs dhe karakterit jasht\u00eb kopertinave. Gjykimi duket m\u00eb i v\u00ebshtir\u00eb n\u00ebse tentohet t\u00eb ndahet vepra nga autori.<\/p>\n<p>Ndarjen e \u00e7mimit disa e kan\u00eb pritur me g\u00ebzim e disa trisht n\u00eb rajon, pasi i urryer pas dashuris\u00eb ndaj Milloshevi\u00e7it, nuk dukej i pranuesh\u00ebm.<\/p>\n<p>P\u00ebr nj\u00eb pjes\u00eb t\u00eb serb\u00ebve kjo ka qen\u00eb lumturi. Autori austriak padyshim q\u00eb kishte zgjedhur an\u00eb dhe vuajtja e tij p\u00ebr Jugosllavin\u00eb duket edhe n\u00eb autor\u00ebsin\u00eb e tij q\u00eb quhet; \u201cndarja e \u00ebnd\u00ebrrimtarit nga toka e humbur\u201d<\/p>\n","protected":false},"excerpt":{"rendered":"<p>\u00c7mimi Nobel p\u00ebr shkrimtarin austriak Peter Handke, ithtar i Sllobodan Milloshevi\u00e7 \u00ebsht\u00eb pritur me habi edhe nga serb\u00ebt. Disa shkrimtar\u00eb serb\u00eb, e cil\u00ebsojn\u00eb at\u00eb nj\u00eb autor t\u00eb d\u00ebshtuar, disa n\u00eb aspektin letrar e t\u00eb tjer\u00eb n\u00eb at\u00eb politik, nisur nga simpatia e shprehur prej tij p\u00ebr epok\u00ebn e \u201ckasapit t\u00eb Ballkanit\u201d. N\u00eb varimin e Sllobodan [&hellip;]<\/p>\n","protected":false},"author":2013,"featured_media":110522,"comment_status":"open","ping_status":"closed","sticky":false,"template":"","format":"standard","meta":{"footnotes":""},"categories":[241,2],"tags":[],"class_list":{"0":"post-110521","1":"post","2":"type-post","3":"status-publish","4":"format-standard","5":"has-post-thumbnail","7":"category-aktualitet","8":"category-rajoni"},"_links":{"self":[{"href":"https:\/\/zjarr.tv\/sq\/wp-json\/wp\/v2\/posts\/110521","targetHints":{"allow":["GET"]}}],"collection":[{"href":"https:\/\/zjarr.tv\/sq\/wp-json\/wp\/v2\/posts"}],"about":[{"href":"https:\/\/zjarr.tv\/sq\/wp-json\/wp\/v2\/types\/post"}],"author":[{"embeddable":true,"href":"https:\/\/zjarr.tv\/sq\/wp-json\/wp\/v2\/users\/2013"}],"replies":[{"embeddable":true,"href":"https:\/\/zjarr.tv\/sq\/wp-json\/wp\/v2\/comments?post=110521"}],"version-history":[{"count":0,"href":"https:\/\/zjarr.tv\/sq\/wp-json\/wp\/v2\/posts\/110521\/revisions"}],"wp:featuredmedia":[{"embeddable":true,"href":"https:\/\/zjarr.tv\/sq\/wp-json\/wp\/v2\/media\/110522"}],"wp:attachment":[{"href":"https:\/\/zjarr.tv\/sq\/wp-json\/wp\/v2\/media?parent=110521"}],"wp:term":[{"taxonomy":"category","embeddable":true,"href":"https:\/\/zjarr.tv\/sq\/wp-json\/wp\/v2\/categories?post=110521"},{"taxonomy":"post_tag","embeddable":true,"href":"https:\/\/zjarr.tv\/sq\/wp-json\/wp\/v2\/tags?post=110521"}],"curies":[{"name":"wp","href":"https:\/\/api.w.org\/{rel}","templated":true}]}}