{"id":110526,"date":"2019-10-14T16:52:34","date_gmt":"2019-10-14T14:52:34","guid":{"rendered":"https:\/\/zjarr.tv\/?p=110526"},"modified":"2019-10-14T16:52:34","modified_gmt":"2019-10-14T14:52:34","slug":"nenat-e-srebrenices-kerkojne-heqjen-e-nobelit-per-handke-ka-mohuar-krimet-e-serbeve","status":"publish","type":"post","link":"https:\/\/zjarr.tv\/sq\/nenat-e-srebrenices-kerkojne-heqjen-e-nobelit-per-handke-ka-mohuar-krimet-e-serbeve\/","title":{"rendered":"\u2018N\u00ebnat e Srebrenic\u00ebs\u2019 k\u00ebrkojn\u00eb heqjen e Nobelit p\u00ebr Handke: Ka mohuar krimet e serb\u00ebve"},"content":{"rendered":"<p>Shoqata boshnjake \u2018N\u00ebnat e Srebrenic\u00ebs\u2019, d\u00ebnuan ashp\u00ebr vendimin p\u00ebr dh\u00ebnien e \u00e7mimit Nobel p\u00ebr Let\u00ebrsin\u00eb p\u00ebr shkrimtarin austriak, Peter Handke i akuzuar se ka mb\u00ebshtetur krimet e Slobodan Miloshevi\u00e7it, Radovan Karaxhi\u00e7it dhe Ratko Mladi\u00e7it.<\/p>\n<p>Presidentia e shoqat\u00ebs, ka th\u00ebn\u00eb se do t\u00eb k\u00ebrkojn\u00eb zyrtarisht t\u00ebrheqjen e k\u00ebtij \u00e7mimi: \u201cN\u00eb em\u00ebr t\u00eb \u2018N\u00ebnave t\u00eb Srebrenic\u00ebs\u2019 do t\u2019i d\u00ebrgojm\u00eb nj\u00eb let\u00ebr zyrtare komitetit t\u00eb Nobelit p\u00ebr t\u00ebrheqjen e \u00e7mimit p\u00ebr Peter Handke\u201d, tha Munira Subashi\u00e7.<\/p>\n<p>\u201cNj\u00eb njeri q\u00eb ka mbrojtur kasaphan\u00ebn e luft\u00ebrave ballkanike nuk mund t\u00eb marr\u00eb nj\u00eb mir\u00ebnjohje t\u00eb till\u00eb\u201d, theksoi ajo.<\/p>\n<p>Handke \u00ebsht\u00eb nj\u00eb filo serb dhe \u00ebsht\u00eb akuzuar nga boshnjak\u00ebt p\u00ebr mohim t\u00eb krimeve t\u00eb kryera nga serb\u00ebt gjat\u00eb luft\u00ebrave t\u00eb viteve \u201990 n\u00eb ish-Jugosllavi.<\/p>\n","protected":false},"excerpt":{"rendered":"<p>Shoqata boshnjake \u2018N\u00ebnat e Srebrenic\u00ebs\u2019, d\u00ebnuan ashp\u00ebr vendimin p\u00ebr dh\u00ebnien e \u00e7mimit Nobel p\u00ebr Let\u00ebrsin\u00eb p\u00ebr shkrimtarin austriak, Peter Handke i akuzuar se ka mb\u00ebshtetur krimet e Slobodan Miloshevi\u00e7it, Radovan Karaxhi\u00e7it dhe Ratko Mladi\u00e7it. Presidentia e shoqat\u00ebs, ka th\u00ebn\u00eb se do t\u00eb k\u00ebrkojn\u00eb zyrtarisht t\u00ebrheqjen e k\u00ebtij \u00e7mimi: \u201cN\u00eb em\u00ebr t\u00eb \u2018N\u00ebnave t\u00eb Srebrenic\u00ebs\u2019 do [&hellip;]<\/p>\n","protected":false},"author":2013,"featured_media":110527,"comment_status":"open","ping_status":"closed","sticky":false,"template":"","format":"standard","meta":{"footnotes":""},"categories":[241,2],"tags":[],"class_list":{"0":"post-110526","1":"post","2":"type-post","3":"status-publish","4":"format-standard","5":"has-post-thumbnail","7":"category-aktualitet","8":"category-rajoni"},"_links":{"self":[{"href":"https:\/\/zjarr.tv\/sq\/wp-json\/wp\/v2\/posts\/110526","targetHints":{"allow":["GET"]}}],"collection":[{"href":"https:\/\/zjarr.tv\/sq\/wp-json\/wp\/v2\/posts"}],"about":[{"href":"https:\/\/zjarr.tv\/sq\/wp-json\/wp\/v2\/types\/post"}],"author":[{"embeddable":true,"href":"https:\/\/zjarr.tv\/sq\/wp-json\/wp\/v2\/users\/2013"}],"replies":[{"embeddable":true,"href":"https:\/\/zjarr.tv\/sq\/wp-json\/wp\/v2\/comments?post=110526"}],"version-history":[{"count":0,"href":"https:\/\/zjarr.tv\/sq\/wp-json\/wp\/v2\/posts\/110526\/revisions"}],"wp:featuredmedia":[{"embeddable":true,"href":"https:\/\/zjarr.tv\/sq\/wp-json\/wp\/v2\/media\/110527"}],"wp:attachment":[{"href":"https:\/\/zjarr.tv\/sq\/wp-json\/wp\/v2\/media?parent=110526"}],"wp:term":[{"taxonomy":"category","embeddable":true,"href":"https:\/\/zjarr.tv\/sq\/wp-json\/wp\/v2\/categories?post=110526"},{"taxonomy":"post_tag","embeddable":true,"href":"https:\/\/zjarr.tv\/sq\/wp-json\/wp\/v2\/tags?post=110526"}],"curies":[{"name":"wp","href":"https:\/\/api.w.org\/{rel}","templated":true}]}}