{"id":110543,"date":"2019-10-14T17:01:57","date_gmt":"2019-10-14T15:01:57","guid":{"rendered":"https:\/\/zjarr.tv\/?p=110543"},"modified":"2019-10-14T17:01:57","modified_gmt":"2019-10-14T15:01:57","slug":"mbreteresha-hap-sezonin-parlamentar-largimi-nga-be-ja-me-31-tetor-prioritet-i-qeverise-sime","status":"publish","type":"post","link":"https:\/\/zjarr.tv\/sq\/mbreteresha-hap-sezonin-parlamentar-largimi-nga-be-ja-me-31-tetor-prioritet-i-qeverise-sime\/","title":{"rendered":"Mbret\u00ebresha hap sezonin parlamentar: Largimi nga BE-ja m\u00eb 31 tetor, prioritet i qeveris\u00eb sime"},"content":{"rendered":"<p><em>Sezoni i ri parlamentar u hap t\u00eb h\u00ebn\u00ebn n\u00eb Britanin\u00eb e Madhe me nj\u00eb theks t\u00eb ve\u00e7ant\u00eb te \u00e7\u00ebshtja Brexit. N\u00eb fjalimin e saj ku propozoi 26 nisma t\u00eb qeveris\u00eb, mbret\u00ebresha Elizabeta e Dyt\u00eb tha se prioritet do t\u00eb ken\u00eb ruajtja dhe zhvillimi i marr\u00ebdh\u00ebnieve me Brukselin.<\/em><\/p>\n<p>Mbret\u00ebresha Elizabeta e Dyt\u00eb hapi t\u00eb h\u00ebn\u00ebn siparin e sezonit t\u00eb ri parlamentar n\u00eb Britanin\u00eb e Madhe.<\/p>\n<p>Ceremonia shtet\u00ebrore nisi paradite nga pallati mbret\u00ebror dhe u zhvendos n\u00eb dhom\u00ebn e lart\u00eb t\u00eb lord\u00ebve, duke ndjekur ritualin q\u00eb daton nga shekulli 16.<\/p>\n<p>Me Princin \u00c7arls n\u00eb krah, trash\u00ebgimtarin e saj m\u00eb t\u00eb vjet\u00ebr, monarkja 93-vje\u00e7are prezantoi programin e ardhsh\u00ebm politik t\u00eb kryeministrit Boris Xhonson.<\/p>\n<p>Ligj\u00ebrata nisi me adresimin e \u00e7\u00ebshtjen m\u00eb t\u00eb ngutshme me t\u00eb cil\u00ebn p\u00ebrballet vendi, pik\u00ebrisht largimi nga familja europiane n\u00eb vet\u00ebm 2 jav\u00eb m\u00eb von\u00eb e gjysm\u00eb.<\/p>\n<p><em>&#8220;Largimi i Mbret\u00ebris\u00eb s\u00eb Bashkuar nga Bashkimi Europian m\u00eb 31 tetor ka qen\u00eb gjithmon\u00eb prioritet i qeveris\u00eb sime. N\u00eb synojm\u00eb nj\u00eb partneritet t\u00eb ri, bazuar n\u00eb tregtin\u00eb e lir\u00eb dhe marr\u00ebdh\u00ebniet miq\u00ebsore. Qeveria ime garanton se do t\u00eb vazhdoj\u00eb t\u00eb luaj\u00eb nj\u00eb rol kryesor n\u00eb \u00e7\u00ebshtjet globale, n\u00eb mbrojtjen e interesave dhe promovimin e vlerave tona.&#8221;<\/em><\/p>\n<p>Sovrania e shtetit qart\u00ebsoi se marr\u00ebdh\u00ebnia e re pas daljes nga BE-ja parashikon zhvillimin e strategjive t\u00eb reja n\u00eb fusha, si bujq\u00ebsia, emigracioni, l\u00ebvizja e lir\u00eb, financat, sh\u00ebndet\u00ebsia, pun\u00ebsimi, siguria, arsimi dhe mjedisi.<\/p>\n<p>P\u00ebr mbret\u00ebresh\u00ebn, Brexit i jep vendit mund\u00ebsi m\u00eb t\u00eb mira p\u00ebr t&#8217;i realizuar k\u00ebta objektiva.<\/p>\n<p>Opozita, nd\u00ebrkoh\u00eb, e quajti t\u00eb h\u00ebn\u00ebn programin e qeveris\u00eb nj\u00eb manifest elektoral t\u00eb kryeministrit Xhonson.<\/p>\n<p>P\u00ebr shkak t\u00eb mb\u00ebshtetjes s\u00eb ul\u00ebt q\u00eb g\u00ebzon n\u00eb parlament por edhe kusht\u00ebzimit me shtyrjen e procesit Brexit, kryeqeveritari britanik rrezikon t\u00eb mos i miratoj\u00eb apo zbatoj\u00eb planet e propozuara, \u00e7ka do e \u00e7onte vendin drejt zgjedhjeve t\u00eb parakohshme.<\/p>\n<p>Brexit pritet t\u00eb diskutohet t\u00eb enjten n\u00eb samitin e posa\u00e7\u00ebm n\u00eb Bruksel, edhe pse shpresat p\u00ebr arritjen e nj\u00eb kompromisi mes pal\u00ebve sa vijn\u00eb e shuhen teksa afron ultimatumi i 31 tetorit.<\/p>\n","protected":false},"excerpt":{"rendered":"<p>Sezoni i ri parlamentar u hap t\u00eb h\u00ebn\u00ebn n\u00eb Britanin\u00eb e Madhe me nj\u00eb theks t\u00eb ve\u00e7ant\u00eb te \u00e7\u00ebshtja Brexit. N\u00eb fjalimin e saj ku propozoi 26 nisma t\u00eb qeveris\u00eb, mbret\u00ebresha Elizabeta e Dyt\u00eb tha se prioritet do t\u00eb ken\u00eb ruajtja dhe zhvillimi i marr\u00ebdh\u00ebnieve me Brukselin. Mbret\u00ebresha Elizabeta e Dyt\u00eb hapi t\u00eb h\u00ebn\u00ebn siparin [&hellip;]<\/p>\n","protected":false},"author":2013,"featured_media":110544,"comment_status":"open","ping_status":"closed","sticky":false,"template":"","format":"standard","meta":{"footnotes":""},"categories":[241,191],"tags":[],"class_list":{"0":"post-110543","1":"post","2":"type-post","3":"status-publish","4":"format-standard","5":"has-post-thumbnail","7":"category-aktualitet","8":"category-bota"},"_links":{"self":[{"href":"https:\/\/zjarr.tv\/sq\/wp-json\/wp\/v2\/posts\/110543","targetHints":{"allow":["GET"]}}],"collection":[{"href":"https:\/\/zjarr.tv\/sq\/wp-json\/wp\/v2\/posts"}],"about":[{"href":"https:\/\/zjarr.tv\/sq\/wp-json\/wp\/v2\/types\/post"}],"author":[{"embeddable":true,"href":"https:\/\/zjarr.tv\/sq\/wp-json\/wp\/v2\/users\/2013"}],"replies":[{"embeddable":true,"href":"https:\/\/zjarr.tv\/sq\/wp-json\/wp\/v2\/comments?post=110543"}],"version-history":[{"count":0,"href":"https:\/\/zjarr.tv\/sq\/wp-json\/wp\/v2\/posts\/110543\/revisions"}],"wp:featuredmedia":[{"embeddable":true,"href":"https:\/\/zjarr.tv\/sq\/wp-json\/wp\/v2\/media\/110544"}],"wp:attachment":[{"href":"https:\/\/zjarr.tv\/sq\/wp-json\/wp\/v2\/media?parent=110543"}],"wp:term":[{"taxonomy":"category","embeddable":true,"href":"https:\/\/zjarr.tv\/sq\/wp-json\/wp\/v2\/categories?post=110543"},{"taxonomy":"post_tag","embeddable":true,"href":"https:\/\/zjarr.tv\/sq\/wp-json\/wp\/v2\/tags?post=110543"}],"curies":[{"name":"wp","href":"https:\/\/api.w.org\/{rel}","templated":true}]}}