{"id":110919,"date":"2019-10-18T12:26:22","date_gmt":"2019-10-18T10:26:22","guid":{"rendered":"https:\/\/zjarr.tv\/?p=110919"},"modified":"2019-10-18T12:26:22","modified_gmt":"2019-10-18T10:26:22","slug":"debate-ne-seancen-per-shullazin-avokati-braktis-gjyqin-kerkohet-largimi-i-gjyqtares","status":"publish","type":"post","link":"https:\/\/zjarr.tv\/sq\/debate-ne-seancen-per-shullazin-avokati-braktis-gjyqin-kerkohet-largimi-i-gjyqtares\/","title":{"rendered":"Debate n\u00eb seanc\u00ebn p\u00ebr Shullazin, avokati braktis gjyqin, k\u00ebrkohet largimi i gjyqtares"},"content":{"rendered":"<p>Debate t\u00eb ashpra n\u00eb seanc\u00ebn e Emiljano Shullazit dhe 4 t\u00eb pandehurve t\u00eb tjer\u00eb, ku pritej nisja e procesit gjyq\u00ebsor n\u00eb Apelin e Krimeve t\u00eb R\u00ebnda.<\/p>\n<p>Q\u00eb n\u00eb nisje t\u00eb procesit, avokati i Endrit Zel\u00ebs, Bledar Shanja k\u00ebrkoi dor\u00ebheqjen e kryesueses s\u00eb trup\u00ebs, Albana Boksi, duke pretenduar se \u00ebsht\u00eb n\u00eb nj\u00eb tjet\u00ebr proces administrativ n\u00eb gjykat\u00ebn e Shkodr\u00ebs me xhaxhain dhe babain e gjyqtares Boksi.<\/p>\n<p>Avokati sqaroi se ai po mbron pal\u00ebn e paditur nga t\u00eb af\u00ebrmit e gjyqtares, madje k\u00ebta t\u00eb fundit e kan\u00eb fyer gjat\u00eb procesit duke e quajtur si kriminel.<\/p>\n<p>Kjo k\u00ebrkes\u00eb u refuzua nga trupa gjykuese, \u00e7ka solli q\u00eb avokati te braktis\u00eb sall\u00ebn e gjyqit, me pretendimin se nuk mund t\u00eb vijoj\u00eb procesin me nj\u00eb trup\u00eb gjykuese q\u00eb ka konflikt interesi.<\/p>\n<p>Avokati theksoi se gjyqtarja Boksi nuk mund t\u00eb jap\u00eb nj\u00eb vendim t\u00eb drejt\u00eb, p\u00ebr shkak se mund t\u00eb ket\u00eb ndikim nga ana familjare.<\/p>\n<p>T\u00eb nj\u00ebjtin q\u00ebndrim mbajti edhe i pandehuri Endrit Zela.<\/p>\n<p>Nd\u00ebrsa i pandehuri Gilmando Dani k\u00ebrkoi p\u00ebr t\u00eb disat\u00ebn her\u00eb p\u00ebrjashtimin e gjyqtarit Arben Vrioni, me pretendimin se v\u00ebllai i gjyqtarit e ka kall\u00ebxuar penalisht Gilmando Danin e t\u00eb vellain e tij, lidhur me nj\u00eb aksident t\u00eb ndodhur m\u00eb par\u00eb.<\/p>\n<p>N\u00eb p\u00ebrfundim gjykata vendosi ti caktoj\u00eb Zel\u00ebs nj\u00eb avokat kryesisht, nd\u00ebrsa seanca e rradh\u00ebs do t\u00eb mbahet m\u00eb dat\u00eb 28 Tetor ora 11.<\/p>\n","protected":false},"excerpt":{"rendered":"<p>Debate t\u00eb ashpra n\u00eb seanc\u00ebn e Emiljano Shullazit dhe 4 t\u00eb pandehurve t\u00eb tjer\u00eb, ku pritej nisja e procesit gjyq\u00ebsor n\u00eb Apelin e Krimeve t\u00eb R\u00ebnda. Q\u00eb n\u00eb nisje t\u00eb procesit, avokati i Endrit Zel\u00ebs, Bledar Shanja k\u00ebrkoi dor\u00ebheqjen e kryesueses s\u00eb trup\u00ebs, Albana Boksi, duke pretenduar se \u00ebsht\u00eb n\u00eb nj\u00eb tjet\u00ebr proces administrativ n\u00eb [&hellip;]<\/p>\n","protected":false},"author":2013,"featured_media":53888,"comment_status":"open","ping_status":"closed","sticky":false,"template":"","format":"standard","meta":{"footnotes":""},"categories":[241,235],"tags":[],"class_list":{"0":"post-110919","1":"post","2":"type-post","3":"status-publish","4":"format-standard","5":"has-post-thumbnail","7":"category-aktualitet","8":"category-vendi"},"_links":{"self":[{"href":"https:\/\/zjarr.tv\/sq\/wp-json\/wp\/v2\/posts\/110919","targetHints":{"allow":["GET"]}}],"collection":[{"href":"https:\/\/zjarr.tv\/sq\/wp-json\/wp\/v2\/posts"}],"about":[{"href":"https:\/\/zjarr.tv\/sq\/wp-json\/wp\/v2\/types\/post"}],"author":[{"embeddable":true,"href":"https:\/\/zjarr.tv\/sq\/wp-json\/wp\/v2\/users\/2013"}],"replies":[{"embeddable":true,"href":"https:\/\/zjarr.tv\/sq\/wp-json\/wp\/v2\/comments?post=110919"}],"version-history":[{"count":0,"href":"https:\/\/zjarr.tv\/sq\/wp-json\/wp\/v2\/posts\/110919\/revisions"}],"wp:featuredmedia":[{"embeddable":true,"href":"https:\/\/zjarr.tv\/sq\/wp-json\/wp\/v2\/media\/53888"}],"wp:attachment":[{"href":"https:\/\/zjarr.tv\/sq\/wp-json\/wp\/v2\/media?parent=110919"}],"wp:term":[{"taxonomy":"category","embeddable":true,"href":"https:\/\/zjarr.tv\/sq\/wp-json\/wp\/v2\/categories?post=110919"},{"taxonomy":"post_tag","embeddable":true,"href":"https:\/\/zjarr.tv\/sq\/wp-json\/wp\/v2\/tags?post=110919"}],"curies":[{"name":"wp","href":"https:\/\/api.w.org\/{rel}","templated":true}]}}