{"id":110945,"date":"2019-10-18T13:42:35","date_gmt":"2019-10-18T11:42:35","guid":{"rendered":"https:\/\/zjarr.tv\/?p=110945"},"modified":"2019-10-18T13:42:35","modified_gmt":"2019-10-18T11:42:35","slug":"kreu-i-klp-shume-shpejt-do-finalizojme-procesin-per-spak-dhe-prokurorine-e-pergjithshme","status":"publish","type":"post","link":"https:\/\/zjarr.tv\/sq\/kreu-i-klp-shume-shpejt-do-finalizojme-procesin-per-spak-dhe-prokurorine-e-pergjithshme\/","title":{"rendered":"Kreu i KLP: Shum\u00eb shpejt do finalizojm\u00eb procesin p\u00ebr SPAK dhe Prokurorin\u00eb e P\u00ebrgjithshme"},"content":{"rendered":"<p>Kreu i KLP, Gent Ibrahimi gjat\u00eb seanc\u00ebs d\u00ebgjimore n\u00eb komisionin e ligjeve tha se shum\u00eb shpejt do t\u00eb finalizohen dy procese, ai i p\u00ebrzgjedhjes s\u00eb prokuror\u00ebve n\u00eb SPAK dhe p\u00ebrzgjedhje e kandidat\u00ebve p\u00ebr Kryeprokuror.<\/p>\n<p><strong>Gent Ibrahimi:<\/strong>\u00a0<em>Kandidat\u00ebt p\u00ebr tu caktuar p\u00ebrkoh\u00ebsisht si drejtues n\u00eb zyrat e Prokurorive duhet t\u00eb ken\u00eb vler\u00ebsime pozitive, duhet t\u00eb ken\u00eb eksperienc\u00eb pune, duhet t\u00eb vijn\u00eb nga brenda zyr\u00ebs ku ata caktohen. Kemi v\u00ebn\u00eb ca kritere objektive q\u00eb shpresojm\u00eb t\u00eb na shpien drejt zgjidhjeve t\u00eb duhura, qoft\u00eb edhe zgjidhje provizore.<\/em><\/p>\n<p><em>Sfida tjet\u00ebr ka qen\u00eb nisja dhe ecuria n\u00eb krijimin e Prokuroris\u00eb s\u00eb Posa\u00e7me, jemi n\u00eb metrat e fundit. Ky proces \u00ebsht\u00eb vonuar p\u00ebr shkak t\u00eb procedurave t\u00eb vetingut.<\/em><\/p>\n<p><em>Nj\u00eb sfid\u00eb tjet\u00ebr me t\u00eb cil\u00ebn jemi ballafaquar ka qen\u00eb caktimi i numrit t\u00eb magjistrat\u00ebve n\u00eb shkoll\u00ebn e Magjistratur\u00ebs. \u00a0<\/em><\/p>\n<p><em>Do t\u00eb p\u00ebrmendja edhe procedur\u00ebn p\u00ebr p\u00ebrzgjedhjen e Prokurorit t\u00eb P\u00ebrgjithsh\u00ebm si nj\u00eb proces q\u00eb \u00ebsht\u00eb n\u00eb fazat finale. N\u00ebse procesi i p\u00ebrzgjedhjes s\u00eb kandidat\u00ebve p\u00ebr Prokurorin\u00eb e Posa\u00e7me \u00ebsht\u00eb pezulluar p\u00ebr shkak t\u00eb ecuris\u00eb s\u00eb pun\u00ebs nga organet t\u00eb vettingut, procesi i p\u00ebrzgjedhjes s\u00eb kandidat\u00ebve p\u00ebr prokuror t\u00eb p\u00ebrgjithsh\u00ebm \u00ebsht\u00eb pezulluar p\u00ebr pak dit\u00eb nga ankimi i nj\u00ebrit prej kandidat\u00ebve. Ne do jemi shum\u00eb shpejt gati p\u00ebr t\u00eb \u00a0finalizuar k\u00ebto dy procese.\u00a0<\/em><\/p>\n","protected":false},"excerpt":{"rendered":"<p>Kreu i KLP, Gent Ibrahimi gjat\u00eb seanc\u00ebs d\u00ebgjimore n\u00eb komisionin e ligjeve tha se shum\u00eb shpejt do t\u00eb finalizohen dy procese, ai i p\u00ebrzgjedhjes s\u00eb prokuror\u00ebve n\u00eb SPAK dhe p\u00ebrzgjedhje e kandidat\u00ebve p\u00ebr Kryeprokuror. Gent Ibrahimi:\u00a0Kandidat\u00ebt p\u00ebr tu caktuar p\u00ebrkoh\u00ebsisht si drejtues n\u00eb zyrat e Prokurorive duhet t\u00eb ken\u00eb vler\u00ebsime pozitive, duhet t\u00eb ken\u00eb eksperienc\u00eb [&hellip;]<\/p>\n","protected":false},"author":2013,"featured_media":110946,"comment_status":"open","ping_status":"closed","sticky":false,"template":"","format":"standard","meta":{"footnotes":""},"categories":[241,235],"tags":[],"class_list":{"0":"post-110945","1":"post","2":"type-post","3":"status-publish","4":"format-standard","5":"has-post-thumbnail","7":"category-aktualitet","8":"category-vendi"},"_links":{"self":[{"href":"https:\/\/zjarr.tv\/sq\/wp-json\/wp\/v2\/posts\/110945","targetHints":{"allow":["GET"]}}],"collection":[{"href":"https:\/\/zjarr.tv\/sq\/wp-json\/wp\/v2\/posts"}],"about":[{"href":"https:\/\/zjarr.tv\/sq\/wp-json\/wp\/v2\/types\/post"}],"author":[{"embeddable":true,"href":"https:\/\/zjarr.tv\/sq\/wp-json\/wp\/v2\/users\/2013"}],"replies":[{"embeddable":true,"href":"https:\/\/zjarr.tv\/sq\/wp-json\/wp\/v2\/comments?post=110945"}],"version-history":[{"count":0,"href":"https:\/\/zjarr.tv\/sq\/wp-json\/wp\/v2\/posts\/110945\/revisions"}],"wp:featuredmedia":[{"embeddable":true,"href":"https:\/\/zjarr.tv\/sq\/wp-json\/wp\/v2\/media\/110946"}],"wp:attachment":[{"href":"https:\/\/zjarr.tv\/sq\/wp-json\/wp\/v2\/media?parent=110945"}],"wp:term":[{"taxonomy":"category","embeddable":true,"href":"https:\/\/zjarr.tv\/sq\/wp-json\/wp\/v2\/categories?post=110945"},{"taxonomy":"post_tag","embeddable":true,"href":"https:\/\/zjarr.tv\/sq\/wp-json\/wp\/v2\/tags?post=110945"}],"curies":[{"name":"wp","href":"https:\/\/api.w.org\/{rel}","templated":true}]}}