{"id":110955,"date":"2019-10-18T14:05:30","date_gmt":"2019-10-18T12:05:30","guid":{"rendered":"https:\/\/zjarr.tv\/?p=110955"},"modified":"2019-10-18T14:05:30","modified_gmt":"2019-10-18T12:05:30","slug":"haradinaj-gent-cakaj-ka-punuar-kunder-kosoves","status":"publish","type":"post","link":"https:\/\/zjarr.tv\/sq\/haradinaj-gent-cakaj-ka-punuar-kunder-kosoves\/","title":{"rendered":"Haradinaj: Gent Cakaj ka punuar kund\u00ebr Kosov\u00ebs"},"content":{"rendered":"<p>Ministri i Jasht\u00ebm n\u00eb detyr\u00eb i Shqip\u00ebris\u00eb, Gent Cakaj sipas kryeministrit n\u00eb detyr\u00eb t\u00eb Kosov\u00ebs, Ramush Haradinaj ka punuar kund\u00ebr interesave t\u00eb Kosov\u00ebs.<\/p>\n<p>Deklarat\u00ebn Haradinaj e b\u00ebri gjat\u00eb intervist\u00ebs dh\u00ebn\u00eb p\u00ebr Artur Zhejin, p\u00ebr emisionin \u201c360 Grad\u00eb\u201d, n\u00eb RTV Ora.<\/p>\n<p>Ramush Haradinaj: Rezistoi Ditmiri t\u00eb them t\u00eb drejt\u00ebn, nuk i di motivet e tij meqen\u00ebse ai rezistoi n\u00eb nj\u00eb detyr\u00eb e cila ishte penges\u00eb pastaj ndodh\u00ebn edhe l\u00ebvizjet edhe largimet pastaj t\u00eb Ditmirit deri n\u00eb mb\u00ebrritjen e nj\u00eb kosovari t\u00eb ri. Mund t\u00eb jet\u00eb nj\u00eb djal\u00eb shum\u00eb i mir\u00eb.<\/p>\n<p>Artur Zheji: Ai thot\u00eb se \u00e7far\u00eb thot\u00eb shefi.<\/p>\n<p>Ramush Haradinaj: Por un\u00eb nuk e besoj q\u00eb ai e di se \u00e7far\u00eb do t\u00eb thot\u00eb p\u00ebr Kosov\u00ebn se sa e d\u00ebmshme \u00ebsht\u00eb p\u00ebr t\u00eb ose ka d\u00ebgjuar vet\u00ebm argumente t\u00eb tjera.<\/p>\n<p>Neve na thon\u00eb diplomat\u00eb nd\u00ebrkomb\u00ebtar\u00eb q\u00eb ministri i Jasht\u00ebm e argumenton e lobon iden\u00eb e hapjes s\u00eb kufijve t\u00eb shk\u00ebmbimit t\u00eb territoreve Kosov\u00eb-Serbi. Por kam d\u00ebgjuar prej diplomat\u00ebve t\u00eb tjer\u00eb pasi k\u00ebshtu po e argumentonte.<\/p>\n<p>Cakaj \u00ebsht\u00eb t\u00ebrhequr, ndoshta ka shtat\u00eb ose tet\u00eb muaj q\u00eb nuk lobon m\u00eb p\u00ebr t\u00eb. Nj\u00eb vit m\u00eb par\u00eb kur ai mori detyr\u00ebn ishte mjaft entuziast. P\u00ebr fat t\u00eb keq po, Ditmiri jo, pasi ai ka mbajtur nj\u00eb q\u00ebndrim t\u00eb heshtur ndaj shefit ose zhvillimeve por nuk u b\u00eb kurr\u00eb shtyt\u00ebs i k\u00ebsaj ideje.<\/p>\n","protected":false},"excerpt":{"rendered":"<p>Ministri i Jasht\u00ebm n\u00eb detyr\u00eb i Shqip\u00ebris\u00eb, Gent Cakaj sipas kryeministrit n\u00eb detyr\u00eb t\u00eb Kosov\u00ebs, Ramush Haradinaj ka punuar kund\u00ebr interesave t\u00eb Kosov\u00ebs. Deklarat\u00ebn Haradinaj e b\u00ebri gjat\u00eb intervist\u00ebs dh\u00ebn\u00eb p\u00ebr Artur Zhejin, p\u00ebr emisionin \u201c360 Grad\u00eb\u201d, n\u00eb RTV Ora. Ramush Haradinaj: Rezistoi Ditmiri t\u00eb them t\u00eb drejt\u00ebn, nuk i di motivet e tij meqen\u00ebse [&hellip;]<\/p>\n","protected":false},"author":2013,"featured_media":69169,"comment_status":"open","ping_status":"closed","sticky":false,"template":"","format":"standard","meta":{"footnotes":""},"categories":[241,2],"tags":[],"class_list":{"0":"post-110955","1":"post","2":"type-post","3":"status-publish","4":"format-standard","5":"has-post-thumbnail","7":"category-aktualitet","8":"category-rajoni"},"_links":{"self":[{"href":"https:\/\/zjarr.tv\/sq\/wp-json\/wp\/v2\/posts\/110955","targetHints":{"allow":["GET"]}}],"collection":[{"href":"https:\/\/zjarr.tv\/sq\/wp-json\/wp\/v2\/posts"}],"about":[{"href":"https:\/\/zjarr.tv\/sq\/wp-json\/wp\/v2\/types\/post"}],"author":[{"embeddable":true,"href":"https:\/\/zjarr.tv\/sq\/wp-json\/wp\/v2\/users\/2013"}],"replies":[{"embeddable":true,"href":"https:\/\/zjarr.tv\/sq\/wp-json\/wp\/v2\/comments?post=110955"}],"version-history":[{"count":0,"href":"https:\/\/zjarr.tv\/sq\/wp-json\/wp\/v2\/posts\/110955\/revisions"}],"wp:featuredmedia":[{"embeddable":true,"href":"https:\/\/zjarr.tv\/sq\/wp-json\/wp\/v2\/media\/69169"}],"wp:attachment":[{"href":"https:\/\/zjarr.tv\/sq\/wp-json\/wp\/v2\/media?parent=110955"}],"wp:term":[{"taxonomy":"category","embeddable":true,"href":"https:\/\/zjarr.tv\/sq\/wp-json\/wp\/v2\/categories?post=110955"},{"taxonomy":"post_tag","embeddable":true,"href":"https:\/\/zjarr.tv\/sq\/wp-json\/wp\/v2\/tags?post=110955"}],"curies":[{"name":"wp","href":"https:\/\/api.w.org\/{rel}","templated":true}]}}